{"id":1078,"date":"2021-04-14T00:59:47","date_gmt":"2021-04-14T00:59:47","guid":{"rendered":"http:\/\/www.basaklife.com\/?p=1078"},"modified":"2021-04-14T00:59:47","modified_gmt":"2021-04-14T00:59:47","slug":"icisleri-bakanligi-81-il-valiligine-kismi-kapanma-genelgesi-gonderdi","status":"publish","type":"post","link":"http:\/\/www.basaklife.com\/index.php\/2021\/04\/14\/icisleri-bakanligi-81-il-valiligine-kismi-kapanma-genelgesi-gonderdi\/","title":{"rendered":"\u0130\u00e7i\u015fleri Bakanl\u0131\u011f\u0131 81 il valili\u011fine k\u0131smi kapanma genelgesi g\u00f6nderdi!"},"content":{"rendered":"<div class=\"detail-content-inner\">\n<p>Genelgede, salg\u0131nla m\u00fccadele s\u00fcrecinin temel prensipleri olan temizlik, maske ve mesafe kurallar\u0131n\u0131n yan\u0131 s\u0131ra hayat\u0131n her alan\u0131na y\u00f6nelik uyulmas\u0131 gereken kurallar ve \u00f6nlemler; Sa\u011fl\u0131k Bakanl\u0131\u011f\u0131 ve Koronavir\u00fcs Bilim Kurulunun \u00f6nerileri, Cumhurba\u015fkan\u0131 Recep Tayyip Erdo\u011fan\u2019\u0131n talimatlar\u0131 do\u011frultusunda belirlenerek uygulamaya ge\u00e7irildi\u011fi belirtildi.<\/p>\n<p>Genelgede, mutasyona u\u011frayan Covid-19 vir\u00fcs\u00fcn\u00fcn d\u00fcnya genelinde hastal\u0131\u011f\u0131n yay\u0131l\u0131m\u0131n\u0131 art\u0131rd\u0131\u011f\u0131, T\u00fcrkiye\u2019de de \u00f6zellikle \u0130ngiltere varyant\u0131 sebebiyle g\u00fcnl\u00fck vaka, yo\u011fun bak\u0131m ve ent\u00fcbe hasta say\u0131lar\u0131nda h\u0131zl\u0131 bir art\u0131\u015f ya\u015fand\u0131\u011f\u0131 ifade edildi.<\/p>\n<p>Genelgede 12.04.2021 tarihinde Cumhurba\u015fkan\u0131 Recep Tayyip Erdo\u011fan ba\u015fkanl\u0131\u011f\u0131nda toplanan Cumhurba\u015fkanl\u0131\u011f\u0131 Kabinesinde al\u0131nan kararlar do\u011frultusunda 14 Nisan 2021 \u00c7ar\u015famba g\u00fcn\u00fc saat 19.00\u2019dan itibaren \u00fclke genelini kapsayacak \u015fekilde iki haftal\u0131k k\u0131smi kapanmaya y\u00f6nelik al\u0131nd\u0131\u011f\u0131 belirtilerek, al\u0131nan tedbirler \u015fu \u015fekilde s\u0131raland\u0131:<\/p>\n<h2>CUMA 19.00&#8217;DAN PAZARTES\u0130 G\u00dcN\u00dc SAAT 05.00&#8217;A KADAR KISITLAMA UYGULANACAK<\/h2>\n<p>Hafta i\u00e7erisinde yer alan g\u00fcnlerde (Pazartesi, Sal\u0131, \u00c7ar\u015famba, Per\u015fembe ve Cuma) 19.00-05.00 saatleri aras\u0131nda, hafta sonlar\u0131 ise Cuma g\u00fcnleri saat 19.00\u2019da ba\u015flay\u0131p, Cumartesi ve Pazar g\u00fcnlerinin tamam\u0131n\u0131 kapsayacak ve Pazartesi g\u00fcnleri saat 05.00\u2019de tamamlanacak \u015fekilde soka\u011fa \u00e7\u0131kma k\u0131s\u0131tlamas\u0131 uygulanacak.<\/p>\n<\/div>\n<div class=\"detail-content-inner\">\n<p>Soka\u011fa \u00e7\u0131kma k\u0131s\u0131tlamas\u0131 uygulanan s\u00fcre ve g\u00fcnlerde \u00fcretim, imalat, tedarik ve lojistik zincirlerinin aksamamas\u0131, sa\u011fl\u0131k, tar\u0131m ve orman faaliyetlerinin s\u00fcreklili\u011fini sa\u011flamak amac\u0131yla belirtilen Ek\u2019te belirtilen yerler ve ki\u015filer k\u0131s\u0131tlamadan muaf tutulacak.<\/p>\n<p>Soka\u011fa \u00e7\u0131kma k\u0131s\u0131tlamas\u0131na y\u00f6nelik tan\u0131nan muafiyetler,daha \u00f6nce illerimize g\u00f6nderilen genelgemizle a\u00e7\u0131k\u00e7a belirtildi\u011fi \u015fekilde muafiyet nedenine ve buna ba\u011fl\u0131 olarak zaman ve g\u00fczerg\u00e2h ile s\u0131n\u0131rl\u0131 olup, aksi durumlar muafiyetlerin k\u00f6t\u00fcye kullan\u0131m\u0131 olarak g\u00f6r\u00fclerek idari\/adli yapt\u0131r\u0131mlara konu edilecek.<\/p>\n<p>\u00d6te yandan yabanc\u0131lara y\u00f6nelik soka\u011fa \u00e7\u0131kma k\u0131s\u0131tlamas\u0131na dair muafiyet sadece turistik faaliyetler kapsam\u0131nda ge\u00e7ici\/k\u0131sa bir s\u00fcre i\u00e7in \u00fclkemizde bulunan yabanc\u0131lar\u0131 kapsamayacak. \u0130kamet izinliler, ge\u00e7ici koruma stat\u00fcs\u00fcndekiler veya uluslararas\u0131 koruma ba\u015fvuru ve stat\u00fc sahipleri dahil olmak \u00fczere turistik faaliyetler kapsam\u0131 d\u0131\u015f\u0131nda \u00fclkemizde bulunan yabanc\u0131lar, soka\u011fa \u00e7\u0131kma k\u0131s\u0131tlamalar\u0131na tabi olacak.<\/p>\n<h2>ARA\u00c7 KULLANMAMAK \u015eARTIYLA HAFTA SONU MARKETE G\u0130D\u0130LEB\u0130L\u0130CEK<\/h2>\n<p>Soka\u011fa \u00e7\u0131kma k\u0131s\u0131tlamas\u0131n\u0131n oldu\u011fu Cumartesi ve Pazar g\u00fcnleri market, bakkal, manav, kasaplar ve kuruyemi\u015f\u00e7iler 10.00-17.00 saatleri aras\u0131nda faaliyet g\u00f6sterebilecek. 65 ya\u015f ve \u00fczeri ile 18 ya\u015f alt\u0131nda bulunanlar hari\u00e7, zorunlu ihtiya\u00e7lar\u0131n\u0131n kar\u015f\u0131lanmas\u0131 ile s\u0131n\u0131rl\u0131 olmak ve ara\u00e7 kullanmamak \u015fart\u0131yla (engelli vatanda\u015flar\u0131m\u0131z hari\u00e7) ikametlerine en yak\u0131n market, bakkal, manav, kasap ve kuruyemi\u015f\u00e7ilere gidip gelebilecek.<\/p>\n<\/div>\n<div class=\"detail-content-inner\">\n<p>Ayn\u0131 saatler aras\u0131nda market, bakkal, manav, kasap, kuruyemi\u015f\u00e7iler ve online sipari\u015f firmalar\u0131 evlere\/adrese servis \u015feklinde de sat\u0131\u015f yapabilecek.<\/p>\n<p>Soka\u011fa \u00e7\u0131kma k\u0131s\u0131tlamas\u0131n\u0131n oldu\u011fu Cumartesi ve Pazar g\u00fcnleri ekmek \u00fcretiminin yap\u0131ld\u0131\u011f\u0131 f\u0131r\u0131n ve\/veya unlu mamul ruhsatl\u0131 i\u015f yerleri ile bu i\u015f yerlerinin sadece ekmek satan bayileri a\u00e7\u0131k olacak. (Bu i\u015f yerlerinde sadece ekmek ve unlu mamul sat\u0131\u015f\u0131 yap\u0131labilecek.).<\/p>\n<p>65 ya\u015f ve \u00fczeri ile 18 ya\u015f alt\u0131nda bulunanlar hari\u00e7 ekmek ve unlu mamul ihtiya\u00e7lar\u0131n\u0131n kar\u015f\u0131lanmas\u0131 ile s\u0131n\u0131rl\u0131 olmak ve ara\u00e7 kullanmamak \u015fart\u0131yla (engelli vatanda\u015flar\u0131m\u0131z hari\u00e7) ikametlerine y\u00fcr\u00fcme mesafesinde olan f\u0131r\u0131na gidip gelebilecek.<\/p>\n<h2>EKMEK VE P\u0130DE \u00dcRET\u0130M\u0130 \u0130FTARDAN 1 SAAT \u00d6NCE SONLANACAK<\/h2>\n<p>Ramazan ay\u0131 s\u00fcresince iftar saati ve hemen \u00f6ncesinde olu\u015fabilecek pide kuyruklar\u0131 ve yo\u011funlu\u011fun olu\u015fturaca\u011f\u0131 riskin \u00f6nlenmesi amac\u0131yla f\u0131r\u0131nlardaki \u00f6zel sipari\u015f \u00fcretimi de dahil pide ve ekmek \u00fcretimi iftardan 1 saat \u00f6nce sonland\u0131r\u0131lacak ve iftar saatine kadar sadece sat\u0131\u015f yap\u0131labilecek. \u0130ftardan sonra f\u0131r\u0131nlarda \u00fcretim, sat\u0131\u015f ve di\u011fer haz\u0131rl\u0131k i\u015flemlerine devam edilebilecek.<\/p>\n<\/div>\n<div class=\"detail-content-inner\">\n<p>F\u0131r\u0131n ve unlu mamul ruhsatl\u0131 i\u015fyerlerine ait ekmek da\u011f\u0131t\u0131m ara\u00e7lar\u0131yla sadece market ve bakkallara ekmek servisi yap\u0131labilecek, ekmek da\u011f\u0131t\u0131m ara\u00e7lar\u0131yla sokak aralar\u0131nda kesinlikle sat\u0131\u015f yap\u0131lmayacak.<\/p>\n<p>Soka\u011fa \u00e7\u0131kma k\u0131s\u0131tlamas\u0131ndaki s\u00fcrelere uymak i\u00e7in t\u00fcm i\u015fyerlerinin (istisna getirilenler hari\u00e7) \u00e7al\u0131\u015fma saatleri hafta i\u00e7i g\u00fcnlerde 07.00-18.00 saatleri aras\u0131 olarak belirlenecek.<\/p>\n<p>Zincir marketler ise saat 10.00\u2019da a\u00e7\u0131lacak.<\/p>\n<p>Hafta i\u00e7i g\u00fcnlerde; 65 ya\u015f ve \u00fczeri vatanda\u015flar\u0131m\u0131z 10.00-14.00, 18 ya\u015f alt\u0131 gen\u00e7ler ve \u00e7ocuklar\u0131m\u0131z ise 14.00-18.00 saatleri aras\u0131nda soka\u011fa \u00e7\u0131kabilecek olup, bu saat aral\u0131klar\u0131 d\u0131\u015f\u0131nda soka\u011fa \u00e7\u0131kmayacak.<\/p>\n<h2>65 YA\u015e \u00dcST\u00dc VE 18 YA\u015e ALTINA TOPLU TA\u015eIMA YASAK<\/h2>\n<p>Hafta i\u00e7i\/hafta sonu ayr\u0131m\u0131 olmaks\u0131z\u0131n 65 ya\u015f ve \u00fczeri vatanda\u015flar\u0131m\u0131z ile 18 ya\u015f alt\u0131 gen\u00e7ler ve \u00e7ocuklar\u0131m\u0131z\u0131n \u015fehir i\u00e7i toplu ula\u015f\u0131m ara\u00e7lar\u0131n\u0131 (metro, metrob\u00fcs, otob\u00fcs, minib\u00fcs, dolmu\u015f vb.) kullanmalar\u0131na m\u00fcsaade edilmeyecek.<\/p>\n<p>Milli E\u011fitim Bakanl\u0131\u011f\u0131nca y\u00fcz y\u00fcze e\u011fitimin devam\u0131na karar verilen s\u0131n\u0131f seviyeleri ile destekleme ve yeti\u015ftirme kurslar\u0131\/takviye kurslar\u0131nda e\u011fitim g\u00f6ren 18 ya\u015f alt\u0131 gen\u00e7lerimiz, durumlar\u0131n\u0131 belgelendirmeleri \u015fart\u0131yla toplu ula\u015f\u0131m ara\u00e7lar\u0131ndan istifade edebilecek.<\/p>\n<\/div>\n<div class=\"detail-content-inner\">\n<h2>\u015eEH\u0130RLERARASI SEYAHATLERE \u0130Z\u0130N VER\u0130LMEYECEK<\/h2>\n<p>Soka\u011fa \u00e7\u0131kma k\u0131s\u0131tlamas\u0131 uygulanan s\u00fcre ve g\u00fcnlerde (hafta i\u00e7i ve hafta sonunda) zorunlu haller d\u0131\u015f\u0131nda vatanda\u015flar\u0131m\u0131z\u0131n toplu ula\u015f\u0131m vas\u0131talar\u0131 d\u0131\u015f\u0131nda \u015fehirleraras\u0131 seyahatlerine izin verilmeyecek.<\/p>\n<p>Herhangi bir zorunlu hali bulunmayan ki\u015filerin soka\u011fa \u00e7\u0131kma k\u0131s\u0131tlamas\u0131 uygulanan s\u00fcre ve g\u00fcnlerdeki \u015fehirleraras\u0131 seyahatleri ancak toplu ula\u015f\u0131m ara\u00e7lar\u0131 (u\u00e7ak, otob\u00fcs, tren, gemi vb.) kullan\u0131lmak suretiyle m\u00fcmk\u00fcn olacak. \u0130\u015fi ile ilgili illiyetini belgeleyen toplu ula\u015f\u0131m ara\u00e7lar\u0131n\u0131n g\u00f6revlileri ile \u015fehirleraras\u0131 seyahat edece\u011fini bilet, rezervasyon kodu vb. ile ibraz eden ki\u015filer soka\u011fa \u00e7\u0131kma k\u0131s\u0131tlamas\u0131ndan muaf olacak.<\/p>\n<p>Zorunlu Haller Say\u0131lacak Durumlar;<\/p>\n<ul>\n<li>Tedavi oldu\u011fu hastaneden taburcu olup as\u0131l ikametine d\u00f6nmek isteyen, doktor raporu ile sevk olan ve\/veya daha \u00f6nceden al\u0131nm\u0131\u015f doktor randevusu\/kontrol\u00fc olan,<\/li>\n<li>Kendisi veya e\u015finin, vefat eden birinci derece yak\u0131n\u0131n\u0131n ya da karde\u015finin cenazesine kat\u0131lmak i\u00e7in veya cenaze nakil i\u015flemine refakat edecek olan (en fazla 8 ki\u015fi),<\/li>\n<li>Bulundu\u011fu \u015fehre son 5 g\u00fcn i\u00e7erisinde gelmi\u015f olmakla beraber kalacak yeri olmay\u0131p ikamet ettikleri yerle\u015fim yerlerine d\u00f6nmek isteyen (5 g\u00fcn i\u00e7inde geldi\u011fini yolculuk bileti, geldi\u011fi ara\u00e7 plakas\u0131, seyahatini g\u00f6steren ba\u015fkaca belge, bilgi ile ibraz edenler),<\/li>\n<li>\u00d6SYM taraf\u0131ndan ilan edilen ve di\u011fer merkezi s\u0131navlara kat\u0131lacaklar ve refakat\u00e7ileri,<\/li>\n<li>Askerlik hizmetini tamamlayarak yerle\u015fim yerlerine d\u00f6nmek isteyen,<\/li>\n<li>\u00d6zel veya kamudan g\u00fcnl\u00fc s\u00f6zle\u015fmeye davet yaz\u0131s\u0131 olan,<\/li>\n<li>Ceza infaz kurumlar\u0131ndan sal\u0131verilen,<\/li>\n<\/ul>\n<p>Belirtilen bu durumlar\u0131n varl\u0131\u011f\u0131 halinde toplu ula\u015f\u0131m ara\u00e7lar\u0131yla veya \u0130\u00e7i\u015fleri Bakanl\u0131\u011f\u0131na ait E-BA\u015eVURU ve ALO 199 sistemleri \u00fczerinden ya da Valilik\/Kaymakaml\u0131klara do\u011frudan ba\u015fvuru yoluyla Seyahat \u0130zin Kurullar\u0131ndan izin almak kayd\u0131yla \u00f6zel ara\u00e7lar\u0131yla seyahat edebilecek.<\/p>\n<p>Soka\u011fa \u00e7\u0131kma k\u0131s\u0131tlamas\u0131 uygulanan s\u00fcre ve g\u00fcnlerdeki \u015fehirleraras\u0131 seyahat k\u0131s\u0131tlamas\u0131n\u0131n etkinli\u011finin art\u0131r\u0131lmas\u0131 amac\u0131yla \u015fehirlerin t\u00fcm giri\u015f ve \u00e7\u0131k\u0131\u015flar\u0131nda (iller aras\u0131 koordinasyon sa\u011flanmak kayd\u0131yla) kontrol noktalar\u0131 olu\u015fturulacak. \u00d6zel ara\u00e7larla seyahat edenlerin muafiyet kapsam\u0131nda olup olmad\u0131klar\u0131 muhakkak tetkik edilecek ve ge\u00e7erli bir mazereti\/muafiyeti bulunmayan ki\u015filerin \u015fehirleraras\u0131 seyahatlerine izin verilmeyecek.<\/p>\n<\/div>\n<div class=\"detail-content-inner\">\n<h2>RESTORANLAR M\u00dc\u015eTER\u0130 KABUL EDEMEYECEK<\/h2>\n<p>16 May\u0131s 2021 Pazar g\u00fcn\u00fc saat 24.00\u2019e kadar yeme-i\u00e7me yerleri (restoran, lokanta, kafeterya, pastane, tatl\u0131c\u0131 gibi yerler) i\u015fyerlerinin i\u00e7 veya d\u0131\u015f alanlar\u0131nda masada m\u00fc\u015fteri kabul edemeyecek.<\/p>\n<p>Bu s\u00fcre i\u00e7erisinde yeme-i\u00e7me yerleri hafta i\u00e7i g\u00fcnlerde 07.00-19.00 saatleri aras\u0131nda gel-al ve paket servis, saat 19.00\u2019dan sahur vaktine kadar sadece paket servis, Cumartesi ve Pazar g\u00fcnleri ise sabah 10.00\u2019dan sahur vaktine kadar sadece paket servis \u015feklinde faaliyet g\u00f6sterebilecek.<\/p>\n<p>Ayn\u0131 \u015fekilde online yemek sipari\u015f firmalar\u0131 hafta i\u00e7i ve hafta sonlar\u0131nda saat 10.00\u2019dan sahur vaktine kadar evlere\/adrese paket servis \u015feklinde sat\u0131\u015f yapabilecek.<\/p>\n<p>A\u015fa\u011f\u0131da belirtilen i\u015fyerlerinin faaliyetlerine 17 May\u0131s 2021 Pazartesi g\u00fcn\u00fcne kadar ge\u00e7ici olarak ara verilecektir.<\/p>\n<ul>\n<li>Hal\u0131 saha, y\u00fczme havuzu, spor salonu, g\u00fczellik merkezi\/salonlar\u0131, hamam ve saunalar, lunaparklar ve tematik parklar\u0131,<\/li>\n<li>Kahvehane, k\u0131raathane, kafe, dernek lokali, \u00e7ay bah\u00e7esi gibi yerler,<\/li>\n<li>\u0130nternet kafe\/salonu, elektronik oyun yerleri, bilardo salonu gibi yerler.<br \/>\n\u00c7ay ocaklar\u0131 ise masa, sandalye\/taburelerini kald\u0131rmak ve sadece esnafa servis yapmak kayd\u0131yla faaliyetlerine devam edebilecek.<\/li>\n<\/ul>\n<p>17 May\u0131s 2021 tarihine kadar sivil toplum kurulu\u015flar\u0131, kamu kurumu niteli\u011findeki meslek kurulu\u015flar\u0131 ve bunlar\u0131n \u00fcst kurulu\u015flar\u0131 ile birlikler ve kooperatiflerin genel kurul dahil yapacaklar\u0131 geni\u015f kat\u0131l\u0131ml\u0131 her t\u00fcrl\u00fc etkinliklerine izin verilmeyecek.<\/p>\n<\/div>\n<div class=\"detail-content-inner\">\n<p>Evlendirme i\u015flemlerinin ger\u00e7ekle\u015ftirilmesine devam edilmekle birlikte nikah ve nikah merasimi \u015feklindeki d\u00fc\u011f\u00fcnler, 17 May\u0131s 2021 tarihinden itibaren yap\u0131labilecek. Bu s\u00fcreye kadar herhangi bir \u015fekilde ni\u015fan, k\u0131na, t\u00f6ren, merasim, d\u00fc\u011f\u00fcn yap\u0131lmas\u0131na m\u00fcsaade edilmeyecek.<\/p>\n<p>\u015eehir i\u00e7i toplu ula\u015f\u0131m ara\u00e7lar\u0131nda;<\/p>\n<ul>\n<li>Oturma kapasitesi % 50 ile s\u0131n\u0131rland\u0131r\u0131lacak,<\/li>\n<li>Minib\u00fcs\/midib\u00fcsler ile koltuk kapasitelerinde herhangi bir seyreltme ve kald\u0131r\u0131lma yap\u0131lmayan otob\u00fcsler gibi i\u00e7 hacim bak\u0131m\u0131ndan fiziki mesafe kurallar\u0131n\u0131n uygulanamayaca\u011f\u0131 \u015fehir i\u00e7i toplu ula\u015f\u0131m ara\u00e7lar\u0131nda ayakta yolcu al\u0131nmas\u0131na m\u00fcsaade edilmeyecek,<\/li>\n<li>Bunlar\u0131n d\u0131\u015f\u0131nda kalan rayl\u0131 sistem ara\u00e7lar\u0131 (metro, tramvay vb.), metrob\u00fcsler ve koltuk kapasiteleri seyreltilmi\u015f\/kald\u0131r\u0131lm\u0131\u015f otob\u00fcsler gibi ayakta yolcu ta\u015f\u0131ma a\u011f\u0131rl\u0131kl\u0131 toplu ula\u015f\u0131m ara\u00e7lar\u0131nda; fiziki mesafe kurallar\u0131na ayk\u0131r\u0131 olmayacak \u015fekilde hangi oranda\/say\u0131da ayakta yolcu al\u0131nabilece\u011fi il\/il\u00e7e umumi h\u0131fz\u0131ss\u0131hha kurullar\u0131 taraf\u0131ndan tespit edilecek.<\/li>\n<\/ul>\n<p>Rayl\u0131 sistem ara\u00e7lar\u0131 (metro, tramvay vb.), metrob\u00fcsler ve koltuk kapasiteleri seyreltilmi\u015f\/kald\u0131r\u0131lm\u0131\u015f otob\u00fcslerde ayakta al\u0131nabilecek yolcu say\u0131s\u0131n\u0131 belirtir levha\/tabela herkesin g\u00f6rebilece\u011fi \u015fekilde as\u0131lacak ve ayaktaki yolcular\u0131n durabilece\u011fi yerler fiziki olarak i\u015faretlenmek suretiyle belirlenecek.<\/p>\n<p>Huzurevi, ya\u015fl\u0131 bak\u0131mevi, rehabilitasyon merkezi, \u00e7ocuk evleri gibi sosyal koruma\/bak\u0131m merkezlerinde 17 May\u0131s 2021 tarihine kadar ziyaret\u00e7i kabul edilmeyecek.<\/p>\n<p>Turistik tesisler dahil t\u00fcm konaklama tesislerinin (otel, motel, apart otel, pansiyon vb.) i\u00e7erisinde bulunan yeme-i\u00e7me yerleri, sadece konaklamal\u0131 m\u00fc\u015fterilerle s\u0131n\u0131rl\u0131 olmak ve ayn\u0131 masada en fazla 2 ki\u015fiye servis a\u00e7\u0131lmamas\u0131 kayd\u0131yla hizmet verebilecek.<\/p>\n<\/div>\n<div class=\"detail-content-inner\">\n<h2>TOPLU \u0130FTAR ORGAN\u0130ZASYONLARI YASAKLANDI<\/h2>\n<p>Konaklama tesislerinde kesinlikle toplu iftar organizasyonlar\u0131 yap\u0131lmayacak.<\/p>\n<p>Daha \u00f6nce illere g\u00f6nderilen genelgeler do\u011frultusunda konaklama tesislerinin denetimleri etkin \u015fekilde s\u00fcrd\u00fcr\u00fclecek, sahte rezervasyon ba\u015fta olmak \u00fczere her t\u00fcrl\u00fc k\u00f6t\u00fcye kullan\u0131m\u0131n \u00f6n\u00fcne ge\u00e7ilecek.<\/p>\n<p>\u00c7e\u015fitli i\u015fyerleri taraf\u0131ndan a\u00e7\u0131l\u0131\u015f nedeniyle veya belirli g\u00fcn ya da saatlere \u00f6zg\u00fc yap\u0131lan indirim uygulamalar\u0131 kontrols\u00fcz \u015fekilde kalabal\u0131klar\u0131n olu\u015fmas\u0131na neden olabilmekte.<\/p>\n<p>Bu sebeple i\u015fyerleri taraf\u0131ndan a\u00e7\u0131l\u0131\u015f nedeniyle veya belirli g\u00fcn ya da saatlere \u00f6zg\u00fc genel indirim uygulamalar\u0131n\u0131n yerine yo\u011funlu\u011fun \u00f6n\u00fcne ge\u00e7ilebilmesi i\u00e7in en az bir hafta s\u00fcrecek \u015fekilde uzun periyodlarla indirim uygulamalar\u0131 yap\u0131lacak.<\/p>\n<p>Cumhurba\u015fkanl\u0131\u011f\u0131n\u0131n 2021\/8 say\u0131l\u0131 Genelgesi do\u011frultusunda kamu kurum ve kurulu\u015flar\u0131nda uzaktan ve\/veya d\u00f6n\u00fc\u015f\u00fcml\u00fc \u00e7al\u0131\u015fma gibi esnek \u00e7al\u0131\u015fma y\u00f6ntemlerinden azami d\u00fczeyde istifade edilecek. \u0130dari izin kapsam\u0131ndaki personele (hamile \u00e7al\u0131\u015fanlar, s\u00fct izni kullananlar, 10 ya\u015f ve alt\u0131nda \u00e7ocu\u011fu olan kad\u0131n \u00e7al\u0131\u015fanlar, engelli \u00e7al\u0131\u015fanlar, 60 ya\u015f \u00fczerindeki personel, kronik rahats\u0131zl\u0131\u011f\u0131 bulunanlar) kolayl\u0131k g\u00f6sterilecek ve kamuda mesai saatlerinin ba\u015flang\u0131\u00e7 ve biti\u015f saatlerinin 10.00-16.00 olarak uygulanmas\u0131 sa\u011flanacak.<\/p>\n<\/div>\n<div class=\"detail-content-inner\">\n<p>\u00c7al\u0131\u015fma ko\u015fullar\u0131, \u015fartlar\u0131 ve imkanlar\u0131 uygun olan \u00f6zel sekt\u00f6r firmalar\u0131nda da esnek \u00e7al\u0131\u015fma y\u00f6ntemlerine ge\u00e7ilmesi te\u015fvik edilecek.<\/p>\n<p>Daha \u00f6nce illere g\u00f6nderilen genelge ile t\u00fcm kara, deniz ve hava s\u0131n\u0131r kap\u0131lar\u0131m\u0131zdan 15 Nisan 2021 tarihine kadar \u00fclkemize giri\u015f yapmak isteyen ki\u015filerden son 72 saat i\u00e7erisinde yap\u0131lm\u0131\u015f negatif SARS-CoV-2 PCR testi sonucu ibraz\u0131 zorunlulu\u011fu 31 May\u0131s 2021 tarihine kadar devam ettirilecek.<\/p>\n<p>Negatif SARS-CoV-2 PCR testi sonucu ibraz edemeyen ki\u015filere uygulanacak karantina ko\u015fullar\u0131na ili\u015fkin i\u015f ve i\u015flemler daha \u00f6nceden yay\u0131mlanm\u0131\u015f olan genelgelerimize g\u00f6re yerine getirilecek.<\/p>\n<p>Yukar\u0131da belirtilen esaslar do\u011frultusunda Umumi H\u0131fz\u0131ss\u0131hha Kanununun 27\u2019nci ve 72\u2019nci maddeleri uyar\u0131nca \u0130l\/\u0130l\u00e7e Umumi H\u0131fz\u0131ss\u0131hha Kurullar\u0131 kararlar\u0131n\u0131n ivedilikle al\u0131nacak. Uygulamada herhangi bir aksakl\u0131\u011fa meydan verilmeyecek ve ma\u011fduriyete neden olunmayacak.<\/p>\n<\/div>\n","protected":false},"excerpt":{"rendered":"<p>Genelgede, salg\u0131nla m\u00fccadele s\u00fcrecinin temel prensipleri olan temizlik, maske ve mesafe kurallar\u0131n\u0131n yan\u0131 s\u0131ra hayat\u0131n her alan\u0131na y\u00f6nelik uyulmas\u0131 gereken kurallar ve \u00f6nlemler; Sa\u011fl\u0131k Bakanl\u0131\u011f\u0131 ve Koronavir\u00fcs Bilim Kurulunun \u00f6nerileri, Cumhurba\u015fkan\u0131 Recep Tayyip Erdo\u011fan\u2019\u0131n talimatlar\u0131 do\u011frultusunda belirlenerek uygulamaya ge\u00e7irildi\u011fi belirtildi. Genelgede, mutasyona u\u011frayan Covid-19 vir\u00fcs\u00fcn\u00fcn d\u00fcnya genelinde hastal\u0131\u011f\u0131n yay\u0131l\u0131m\u0131n\u0131 art\u0131rd\u0131\u011f\u0131, T\u00fcrkiye\u2019de de \u00f6zellikle \u0130ngiltere varyant\u0131 &hellip;<\/p>\n","protected":false},"author":1,"featured_media":1079,"comment_status":"open","ping_status":"open","sticky":false,"template":"","format":"standard","meta":{"footnotes":""},"categories":[24],"tags":[43,42,44,45],"class_list":["post-1078","post","type-post","status-publish","format-standard","has-post-thumbnail","hentry","category-gundem","tag-81-il-valiligi","tag-genelge","tag-ic-isleri-bakanligi","tag-kismi-kapanma"],"yoast_head":"<!-- This site is optimized with the Yoast SEO plugin v27.4 - https:\/\/yoast.com\/product\/yoast-seo-wordpress\/ -->\n<title>\u0130\u00e7i\u015fleri Bakanl\u0131\u011f\u0131 81 il valili\u011fine k\u0131smi kapanma genelgesi g\u00f6nderdi! - Ba\u015fakLife<\/title>\n<meta name=\"description\" content=\"\u0130\u00e7i\u015fleri Bakanl\u0131\u011f\u0131, 81 \u0130l Valili\u011fine &#039;K\u0131smi Kapanma&#039; konulu genelgeyi g\u00f6nderdi.\" \/>\n<meta name=\"robots\" content=\"index, follow, max-snippet:-1, max-image-preview:large, max-video-preview:-1\" \/>\n<link rel=\"canonical\" href=\"http:\/\/www.basaklife.com\/index.php\/2021\/04\/14\/icisleri-bakanligi-81-il-valiligine-kismi-kapanma-genelgesi-gonderdi\/\" \/>\n<meta property=\"og:locale\" content=\"tr_TR\" \/>\n<meta property=\"og:type\" content=\"article\" \/>\n<meta property=\"og:title\" content=\"\u0130\u00e7i\u015fleri Bakanl\u0131\u011f\u0131 81 il valili\u011fine k\u0131smi kapanma genelgesi g\u00f6nderdi! - Ba\u015fakLife\" \/>\n<meta property=\"og:description\" content=\"\u0130\u00e7i\u015fleri Bakanl\u0131\u011f\u0131, 81 \u0130l Valili\u011fine &#039;K\u0131smi Kapanma&#039; konulu genelgeyi g\u00f6nderdi.\" \/>\n<meta property=\"og:url\" content=\"http:\/\/www.basaklife.com\/index.php\/2021\/04\/14\/icisleri-bakanligi-81-il-valiligine-kismi-kapanma-genelgesi-gonderdi\/\" \/>\n<meta property=\"og:site_name\" content=\"Ba\u015fakLife\" \/>\n<meta property=\"article:published_time\" content=\"2021-04-14T00:59:47+00:00\" \/>\n<meta property=\"og:image\" content=\"http:\/\/www.basaklife.com\/wp-content\/uploads\/2021\/04\/carsi.jpg\" \/>\n\t<meta property=\"og:image:width\" content=\"731\" \/>\n\t<meta property=\"og:image:height\" content=\"410\" \/>\n\t<meta property=\"og:image:type\" content=\"image\/jpeg\" \/>\n<meta name=\"author\" content=\"admin\" \/>\n<meta name=\"twitter:card\" content=\"summary_large_image\" \/>\n<meta name=\"twitter:label1\" content=\"Yazan:\" \/>\n\t<meta name=\"twitter:data1\" content=\"admin\" \/>\n\t<meta name=\"twitter:label2\" content=\"Tahmini okuma s\u00fcresi\" \/>\n\t<meta name=\"twitter:data2\" content=\"7 dakika\" \/>\n<script type=\"application\/ld+json\" class=\"yoast-schema-graph\">{\"@context\":\"https:\\\/\\\/schema.org\",\"@graph\":[{\"@type\":\"Article\",\"@id\":\"http:\\\/\\\/www.basaklife.com\\\/index.php\\\/2021\\\/04\\\/14\\\/icisleri-bakanligi-81-il-valiligine-kismi-kapanma-genelgesi-gonderdi\\\/#article\",\"isPartOf\":{\"@id\":\"http:\\\/\\\/www.basaklife.com\\\/index.php\\\/2021\\\/04\\\/14\\\/icisleri-bakanligi-81-il-valiligine-kismi-kapanma-genelgesi-gonderdi\\\/\"},\"author\":{\"name\":\"admin\",\"@id\":\"http:\\\/\\\/www.basaklife.com\\\/#\\\/schema\\\/person\\\/1437d699f9702c3c5a67bbe08d30981b\"},\"headline\":\"\u0130\u00e7i\u015fleri Bakanl\u0131\u011f\u0131 81 il valili\u011fine k\u0131smi kapanma genelgesi g\u00f6nderdi!\",\"datePublished\":\"2021-04-14T00:59:47+00:00\",\"mainEntityOfPage\":{\"@id\":\"http:\\\/\\\/www.basaklife.com\\\/index.php\\\/2021\\\/04\\\/14\\\/icisleri-bakanligi-81-il-valiligine-kismi-kapanma-genelgesi-gonderdi\\\/\"},\"wordCount\":2182,\"commentCount\":0,\"image\":{\"@id\":\"http:\\\/\\\/www.basaklife.com\\\/index.php\\\/2021\\\/04\\\/14\\\/icisleri-bakanligi-81-il-valiligine-kismi-kapanma-genelgesi-gonderdi\\\/#primaryimage\"},\"thumbnailUrl\":\"http:\\\/\\\/www.basaklife.com\\\/wp-content\\\/uploads\\\/2021\\\/04\\\/carsi.jpg\",\"keywords\":[\"81 il valili\u011fi\",\"genelge\",\"i\u00e7 i\u015fleri bakanl\u0131\u011f\u0131\",\"k\u0131smi kapanma\"],\"articleSection\":[\"G\u00fcndem\"],\"inLanguage\":\"tr\",\"potentialAction\":[{\"@type\":\"CommentAction\",\"name\":\"Comment\",\"target\":[\"http:\\\/\\\/www.basaklife.com\\\/index.php\\\/2021\\\/04\\\/14\\\/icisleri-bakanligi-81-il-valiligine-kismi-kapanma-genelgesi-gonderdi\\\/#respond\"]}]},{\"@type\":\"WebPage\",\"@id\":\"http:\\\/\\\/www.basaklife.com\\\/index.php\\\/2021\\\/04\\\/14\\\/icisleri-bakanligi-81-il-valiligine-kismi-kapanma-genelgesi-gonderdi\\\/\",\"url\":\"http:\\\/\\\/www.basaklife.com\\\/index.php\\\/2021\\\/04\\\/14\\\/icisleri-bakanligi-81-il-valiligine-kismi-kapanma-genelgesi-gonderdi\\\/\",\"name\":\"\u0130\u00e7i\u015fleri Bakanl\u0131\u011f\u0131 81 il valili\u011fine k\u0131smi kapanma genelgesi g\u00f6nderdi! - Ba\u015fakLife\",\"isPartOf\":{\"@id\":\"http:\\\/\\\/www.basaklife.com\\\/#website\"},\"primaryImageOfPage\":{\"@id\":\"http:\\\/\\\/www.basaklife.com\\\/index.php\\\/2021\\\/04\\\/14\\\/icisleri-bakanligi-81-il-valiligine-kismi-kapanma-genelgesi-gonderdi\\\/#primaryimage\"},\"image\":{\"@id\":\"http:\\\/\\\/www.basaklife.com\\\/index.php\\\/2021\\\/04\\\/14\\\/icisleri-bakanligi-81-il-valiligine-kismi-kapanma-genelgesi-gonderdi\\\/#primaryimage\"},\"thumbnailUrl\":\"http:\\\/\\\/www.basaklife.com\\\/wp-content\\\/uploads\\\/2021\\\/04\\\/carsi.jpg\",\"datePublished\":\"2021-04-14T00:59:47+00:00\",\"author\":{\"@id\":\"http:\\\/\\\/www.basaklife.com\\\/#\\\/schema\\\/person\\\/1437d699f9702c3c5a67bbe08d30981b\"},\"description\":\"\u0130\u00e7i\u015fleri Bakanl\u0131\u011f\u0131, 81 \u0130l Valili\u011fine 'K\u0131smi Kapanma' konulu genelgeyi g\u00f6nderdi.\",\"breadcrumb\":{\"@id\":\"http:\\\/\\\/www.basaklife.com\\\/index.php\\\/2021\\\/04\\\/14\\\/icisleri-bakanligi-81-il-valiligine-kismi-kapanma-genelgesi-gonderdi\\\/#breadcrumb\"},\"inLanguage\":\"tr\",\"potentialAction\":[{\"@type\":\"ReadAction\",\"target\":[\"http:\\\/\\\/www.basaklife.com\\\/index.php\\\/2021\\\/04\\\/14\\\/icisleri-bakanligi-81-il-valiligine-kismi-kapanma-genelgesi-gonderdi\\\/\"]}]},{\"@type\":\"ImageObject\",\"inLanguage\":\"tr\",\"@id\":\"http:\\\/\\\/www.basaklife.com\\\/index.php\\\/2021\\\/04\\\/14\\\/icisleri-bakanligi-81-il-valiligine-kismi-kapanma-genelgesi-gonderdi\\\/#primaryimage\",\"url\":\"http:\\\/\\\/www.basaklife.com\\\/wp-content\\\/uploads\\\/2021\\\/04\\\/carsi.jpg\",\"contentUrl\":\"http:\\\/\\\/www.basaklife.com\\\/wp-content\\\/uploads\\\/2021\\\/04\\\/carsi.jpg\",\"width\":731,\"height\":410},{\"@type\":\"BreadcrumbList\",\"@id\":\"http:\\\/\\\/www.basaklife.com\\\/index.php\\\/2021\\\/04\\\/14\\\/icisleri-bakanligi-81-il-valiligine-kismi-kapanma-genelgesi-gonderdi\\\/#breadcrumb\",\"itemListElement\":[{\"@type\":\"ListItem\",\"position\":1,\"name\":\"Home\",\"item\":\"http:\\\/\\\/www.basaklife.com\\\/\"},{\"@type\":\"ListItem\",\"position\":2,\"name\":\"\u0130\u00e7i\u015fleri Bakanl\u0131\u011f\u0131 81 il valili\u011fine k\u0131smi kapanma genelgesi g\u00f6nderdi!\"}]},{\"@type\":\"WebSite\",\"@id\":\"http:\\\/\\\/www.basaklife.com\\\/#website\",\"url\":\"http:\\\/\\\/www.basaklife.com\\\/\",\"name\":\"Ba\u015fakLife\",\"description\":\"Ya\u015fama Dair Her\u015fey\",\"potentialAction\":[{\"@type\":\"SearchAction\",\"target\":{\"@type\":\"EntryPoint\",\"urlTemplate\":\"http:\\\/\\\/www.basaklife.com\\\/?s={search_term_string}\"},\"query-input\":{\"@type\":\"PropertyValueSpecification\",\"valueRequired\":true,\"valueName\":\"search_term_string\"}}],\"inLanguage\":\"tr\"},{\"@type\":\"Person\",\"@id\":\"http:\\\/\\\/www.basaklife.com\\\/#\\\/schema\\\/person\\\/1437d699f9702c3c5a67bbe08d30981b\",\"name\":\"admin\",\"image\":{\"@type\":\"ImageObject\",\"inLanguage\":\"tr\",\"@id\":\"https:\\\/\\\/secure.gravatar.com\\\/avatar\\\/6035d6d61944ecc74f2c9f3e1a283b4da0ece0a47ee82cd0b5eab2c03ddc1000?s=96&d=mm&r=g\",\"url\":\"https:\\\/\\\/secure.gravatar.com\\\/avatar\\\/6035d6d61944ecc74f2c9f3e1a283b4da0ece0a47ee82cd0b5eab2c03ddc1000?s=96&d=mm&r=g\",\"contentUrl\":\"https:\\\/\\\/secure.gravatar.com\\\/avatar\\\/6035d6d61944ecc74f2c9f3e1a283b4da0ece0a47ee82cd0b5eab2c03ddc1000?s=96&d=mm&r=g\",\"caption\":\"admin\"},\"sameAs\":[\"http:\\\/\\\/www.basaklife.com\"],\"url\":\"http:\\\/\\\/www.basaklife.com\\\/index.php\\\/author\\\/admin\\\/\"}]}<\/script>\n<!-- \/ Yoast SEO plugin. -->","yoast_head_json":{"title":"\u0130\u00e7i\u015fleri Bakanl\u0131\u011f\u0131 81 il valili\u011fine k\u0131smi kapanma genelgesi g\u00f6nderdi! - Ba\u015fakLife","description":"\u0130\u00e7i\u015fleri Bakanl\u0131\u011f\u0131, 81 \u0130l Valili\u011fine 'K\u0131smi Kapanma' konulu genelgeyi g\u00f6nderdi.","robots":{"index":"index","follow":"follow","max-snippet":"max-snippet:-1","max-image-preview":"max-image-preview:large","max-video-preview":"max-video-preview:-1"},"canonical":"http:\/\/www.basaklife.com\/index.php\/2021\/04\/14\/icisleri-bakanligi-81-il-valiligine-kismi-kapanma-genelgesi-gonderdi\/","og_locale":"tr_TR","og_type":"article","og_title":"\u0130\u00e7i\u015fleri Bakanl\u0131\u011f\u0131 81 il valili\u011fine k\u0131smi kapanma genelgesi g\u00f6nderdi! - Ba\u015fakLife","og_description":"\u0130\u00e7i\u015fleri Bakanl\u0131\u011f\u0131, 81 \u0130l Valili\u011fine 'K\u0131smi Kapanma' konulu genelgeyi g\u00f6nderdi.","og_url":"http:\/\/www.basaklife.com\/index.php\/2021\/04\/14\/icisleri-bakanligi-81-il-valiligine-kismi-kapanma-genelgesi-gonderdi\/","og_site_name":"Ba\u015fakLife","article_published_time":"2021-04-14T00:59:47+00:00","og_image":[{"width":731,"height":410,"url":"http:\/\/www.basaklife.com\/wp-content\/uploads\/2021\/04\/carsi.jpg","type":"image\/jpeg"}],"author":"admin","twitter_card":"summary_large_image","twitter_misc":{"Yazan:":"admin","Tahmini okuma s\u00fcresi":"7 dakika"},"schema":{"@context":"https:\/\/schema.org","@graph":[{"@type":"Article","@id":"http:\/\/www.basaklife.com\/index.php\/2021\/04\/14\/icisleri-bakanligi-81-il-valiligine-kismi-kapanma-genelgesi-gonderdi\/#article","isPartOf":{"@id":"http:\/\/www.basaklife.com\/index.php\/2021\/04\/14\/icisleri-bakanligi-81-il-valiligine-kismi-kapanma-genelgesi-gonderdi\/"},"author":{"name":"admin","@id":"http:\/\/www.basaklife.com\/#\/schema\/person\/1437d699f9702c3c5a67bbe08d30981b"},"headline":"\u0130\u00e7i\u015fleri Bakanl\u0131\u011f\u0131 81 il valili\u011fine k\u0131smi kapanma genelgesi g\u00f6nderdi!","datePublished":"2021-04-14T00:59:47+00:00","mainEntityOfPage":{"@id":"http:\/\/www.basaklife.com\/index.php\/2021\/04\/14\/icisleri-bakanligi-81-il-valiligine-kismi-kapanma-genelgesi-gonderdi\/"},"wordCount":2182,"commentCount":0,"image":{"@id":"http:\/\/www.basaklife.com\/index.php\/2021\/04\/14\/icisleri-bakanligi-81-il-valiligine-kismi-kapanma-genelgesi-gonderdi\/#primaryimage"},"thumbnailUrl":"http:\/\/www.basaklife.com\/wp-content\/uploads\/2021\/04\/carsi.jpg","keywords":["81 il valili\u011fi","genelge","i\u00e7 i\u015fleri bakanl\u0131\u011f\u0131","k\u0131smi kapanma"],"articleSection":["G\u00fcndem"],"inLanguage":"tr","potentialAction":[{"@type":"CommentAction","name":"Comment","target":["http:\/\/www.basaklife.com\/index.php\/2021\/04\/14\/icisleri-bakanligi-81-il-valiligine-kismi-kapanma-genelgesi-gonderdi\/#respond"]}]},{"@type":"WebPage","@id":"http:\/\/www.basaklife.com\/index.php\/2021\/04\/14\/icisleri-bakanligi-81-il-valiligine-kismi-kapanma-genelgesi-gonderdi\/","url":"http:\/\/www.basaklife.com\/index.php\/2021\/04\/14\/icisleri-bakanligi-81-il-valiligine-kismi-kapanma-genelgesi-gonderdi\/","name":"\u0130\u00e7i\u015fleri Bakanl\u0131\u011f\u0131 81 il valili\u011fine k\u0131smi kapanma genelgesi g\u00f6nderdi! - Ba\u015fakLife","isPartOf":{"@id":"http:\/\/www.basaklife.com\/#website"},"primaryImageOfPage":{"@id":"http:\/\/www.basaklife.com\/index.php\/2021\/04\/14\/icisleri-bakanligi-81-il-valiligine-kismi-kapanma-genelgesi-gonderdi\/#primaryimage"},"image":{"@id":"http:\/\/www.basaklife.com\/index.php\/2021\/04\/14\/icisleri-bakanligi-81-il-valiligine-kismi-kapanma-genelgesi-gonderdi\/#primaryimage"},"thumbnailUrl":"http:\/\/www.basaklife.com\/wp-content\/uploads\/2021\/04\/carsi.jpg","datePublished":"2021-04-14T00:59:47+00:00","author":{"@id":"http:\/\/www.basaklife.com\/#\/schema\/person\/1437d699f9702c3c5a67bbe08d30981b"},"description":"\u0130\u00e7i\u015fleri Bakanl\u0131\u011f\u0131, 81 \u0130l Valili\u011fine 'K\u0131smi Kapanma' konulu genelgeyi g\u00f6nderdi.","breadcrumb":{"@id":"http:\/\/www.basaklife.com\/index.php\/2021\/04\/14\/icisleri-bakanligi-81-il-valiligine-kismi-kapanma-genelgesi-gonderdi\/#breadcrumb"},"inLanguage":"tr","potentialAction":[{"@type":"ReadAction","target":["http:\/\/www.basaklife.com\/index.php\/2021\/04\/14\/icisleri-bakanligi-81-il-valiligine-kismi-kapanma-genelgesi-gonderdi\/"]}]},{"@type":"ImageObject","inLanguage":"tr","@id":"http:\/\/www.basaklife.com\/index.php\/2021\/04\/14\/icisleri-bakanligi-81-il-valiligine-kismi-kapanma-genelgesi-gonderdi\/#primaryimage","url":"http:\/\/www.basaklife.com\/wp-content\/uploads\/2021\/04\/carsi.jpg","contentUrl":"http:\/\/www.basaklife.com\/wp-content\/uploads\/2021\/04\/carsi.jpg","width":731,"height":410},{"@type":"BreadcrumbList","@id":"http:\/\/www.basaklife.com\/index.php\/2021\/04\/14\/icisleri-bakanligi-81-il-valiligine-kismi-kapanma-genelgesi-gonderdi\/#breadcrumb","itemListElement":[{"@type":"ListItem","position":1,"name":"Home","item":"http:\/\/www.basaklife.com\/"},{"@type":"ListItem","position":2,"name":"\u0130\u00e7i\u015fleri Bakanl\u0131\u011f\u0131 81 il valili\u011fine k\u0131smi kapanma genelgesi g\u00f6nderdi!"}]},{"@type":"WebSite","@id":"http:\/\/www.basaklife.com\/#website","url":"http:\/\/www.basaklife.com\/","name":"Ba\u015fakLife","description":"Ya\u015fama Dair Her\u015fey","potentialAction":[{"@type":"SearchAction","target":{"@type":"EntryPoint","urlTemplate":"http:\/\/www.basaklife.com\/?s={search_term_string}"},"query-input":{"@type":"PropertyValueSpecification","valueRequired":true,"valueName":"search_term_string"}}],"inLanguage":"tr"},{"@type":"Person","@id":"http:\/\/www.basaklife.com\/#\/schema\/person\/1437d699f9702c3c5a67bbe08d30981b","name":"admin","image":{"@type":"ImageObject","inLanguage":"tr","@id":"https:\/\/secure.gravatar.com\/avatar\/6035d6d61944ecc74f2c9f3e1a283b4da0ece0a47ee82cd0b5eab2c03ddc1000?s=96&d=mm&r=g","url":"https:\/\/secure.gravatar.com\/avatar\/6035d6d61944ecc74f2c9f3e1a283b4da0ece0a47ee82cd0b5eab2c03ddc1000?s=96&d=mm&r=g","contentUrl":"https:\/\/secure.gravatar.com\/avatar\/6035d6d61944ecc74f2c9f3e1a283b4da0ece0a47ee82cd0b5eab2c03ddc1000?s=96&d=mm&r=g","caption":"admin"},"sameAs":["http:\/\/www.basaklife.com"],"url":"http:\/\/www.basaklife.com\/index.php\/author\/admin\/"}]}},"jetpack_featured_media_url":"http:\/\/www.basaklife.com\/wp-content\/uploads\/2021\/04\/carsi.jpg","amp_enabled":true,"_links":{"self":[{"href":"http:\/\/www.basaklife.com\/index.php\/wp-json\/wp\/v2\/posts\/1078","targetHints":{"allow":["GET"]}}],"collection":[{"href":"http:\/\/www.basaklife.com\/index.php\/wp-json\/wp\/v2\/posts"}],"about":[{"href":"http:\/\/www.basaklife.com\/index.php\/wp-json\/wp\/v2\/types\/post"}],"author":[{"embeddable":true,"href":"http:\/\/www.basaklife.com\/index.php\/wp-json\/wp\/v2\/users\/1"}],"replies":[{"embeddable":true,"href":"http:\/\/www.basaklife.com\/index.php\/wp-json\/wp\/v2\/comments?post=1078"}],"version-history":[{"count":1,"href":"http:\/\/www.basaklife.com\/index.php\/wp-json\/wp\/v2\/posts\/1078\/revisions"}],"predecessor-version":[{"id":1080,"href":"http:\/\/www.basaklife.com\/index.php\/wp-json\/wp\/v2\/posts\/1078\/revisions\/1080"}],"wp:featuredmedia":[{"embeddable":true,"href":"http:\/\/www.basaklife.com\/index.php\/wp-json\/wp\/v2\/media\/1079"}],"wp:attachment":[{"href":"http:\/\/www.basaklife.com\/index.php\/wp-json\/wp\/v2\/media?parent=1078"}],"wp:term":[{"taxonomy":"category","embeddable":true,"href":"http:\/\/www.basaklife.com\/index.php\/wp-json\/wp\/v2\/categories?post=1078"},{"taxonomy":"post_tag","embeddable":true,"href":"http:\/\/www.basaklife.com\/index.php\/wp-json\/wp\/v2\/tags?post=1078"}],"curies":[{"name":"wp","href":"https:\/\/api.w.org\/{rel}","templated":true}]}}