{"id":1185,"date":"2021-05-07T15:34:29","date_gmt":"2021-05-07T15:34:29","guid":{"rendered":"http:\/\/www.basaklife.com\/?p=1185"},"modified":"2021-05-07T15:34:29","modified_gmt":"2021-05-07T15:34:29","slug":"facebook-ve-instagram-ios-kullanicilarina-gozdagi-vermeye-basladi","status":"publish","type":"post","link":"http:\/\/www.basaklife.com\/index.php\/2021\/05\/07\/facebook-ve-instagram-ios-kullanicilarina-gozdagi-vermeye-basladi\/","title":{"rendered":"Facebook ve Instagram, iOS kullan\u0131c\u0131lar\u0131na g\u00f6zda\u011f\u0131 vermeye ba\u015flad\u0131"},"content":{"rendered":"<p>Apple, <strong>iOS 14.5<\/strong>&#8216;in son s\u00fcr\u00fcm\u00fcyle birlikte <strong>kullan\u0131c\u0131 verilerini toplayan<\/strong> bir\u00e7ok \u015firketin ho\u015funa gitmeyen bir uygulamay\u0131 devreye soktu. Yeni <strong>gizlilik kurallar\u0131na <\/strong>g\u00f6re, uygulamalar varsay\u0131lan olarak kullan\u0131c\u0131n\u0131n ki\u015fisel verilerini <strong>toplayamaz<\/strong>, ancak kullan\u0131c\u0131dan bu haklar\u0131 vermesini <strong>isteyebilir<\/strong>. Tabii ki, b\u00fcy\u00fck \u015firketlerin \u00e7o\u011fu bundan <strong>ho\u015flanmad\u0131lar<\/strong> ve bunlar\u0131n ba\u015f\u0131nda da <strong>Facebook<\/strong> ve <strong>Instagram<\/strong> geliyor.<\/p>\n<h2>\u00dccretli olabilir imas\u0131<\/h2>\n<p>Ger\u00e7ek \u015fu ki<strong>, iOS&#8217;un yeni s\u00fcr\u00fcm\u00fcyle<\/strong> birlikte devreye giren gizlilik kurallar\u0131na kar\u015f\u0131n Facebook ve Instagram &#8220;<strong>sindirme<\/strong>&#8221; taktikleri uygulamaya karar verdi. <strong>G\u00fcncellenen <\/strong>uygulamalar bu uygulamalar ba\u015flat\u0131ld\u0131\u011f\u0131nda, ak\u0131ll\u0131 telefon ekran\u0131nda <strong>Instagram<\/strong> veya<strong> Facebook<\/strong>&#8216;un ki\u015fisel verileri toplamay\u0131 <strong>planlad\u0131\u011f\u0131na<\/strong> dair bir uyar\u0131 g\u00f6r\u00fcnt\u00fclenirken, a\u015fa\u011f\u0131da da bunun <strong>reklam se\u00e7imini <\/strong>iyile\u015ftirece\u011fi ve \u201cFacebook ve Instagram&#8217;\u0131n <strong>\u00fccretsiz kalmas\u0131na<\/strong> yard\u0131mc\u0131 olaca\u011f\u0131\u201d yaz\u0131yor.<\/p>\n<p><img loading=\"lazy\" decoding=\"async\" class=\"alignnone size-full wp-image-1186\" src=\"http:\/\/www.basaklife.com\/wp-content\/uploads\/2021\/05\/SpeakingUp_SmBiz_1.5.png\" alt=\"\" width=\"920\" height=\"613\" srcset=\"http:\/\/www.basaklife.com\/wp-content\/uploads\/2021\/05\/SpeakingUp_SmBiz_1.5.png 920w, http:\/\/www.basaklife.com\/wp-content\/uploads\/2021\/05\/SpeakingUp_SmBiz_1.5-300x200.png 300w, http:\/\/www.basaklife.com\/wp-content\/uploads\/2021\/05\/SpeakingUp_SmBiz_1.5-768x512.png 768w\" sizes=\"auto, (max-width: 920px) 100vw, 920px\" \/><\/p>\n<p>Buradaki <strong>ipucu<\/strong> a\u00e7\u0131k: <strong>G\u00f6zetimi kapatmay\u0131<\/strong> se\u00e7erseniz, Facebook veya Instagram&#8217;\u0131 kullanmak i\u00e7in<strong> \u00f6deme yapman\u0131z <\/strong>gerekebilir. Elbette ger\u00e7ekte b\u00f6yle bir <strong>k\u0131s\u0131tlama yok\u00a0<\/strong>ve gelecekte de bu sosyal a\u011flara, gizli verilerini vermeyi reddedenler i\u00e7in<strong> \u00f6deme yap\u0131lmas\u0131<\/strong> pek olas\u0131 g\u00f6r\u00fcnm\u00fcyor. Ancak, genel olarak <strong>Facebook<\/strong>, bu verileri payla\u015fmay\u0131 reddedenlere y\u00f6nelik herhangi bir <strong>k\u0131s\u0131tlama<\/strong> getirebilir. Ancak Apple&#8217;\u0131n buna <strong>nas\u0131l bir tepki <\/strong>verece\u011fi ise i\u015fin bir di\u011fer <strong>\u00f6nemli<\/strong> taraf\u0131.<\/p>\n<p>Kaynak: donanimhaber.com<\/p>\n","protected":false},"excerpt":{"rendered":"<p>Apple, iOS 14.5&#8216;in son s\u00fcr\u00fcm\u00fcyle birlikte kullan\u0131c\u0131 verilerini toplayan bir\u00e7ok \u015firketin ho\u015funa gitmeyen bir uygulamay\u0131 devreye soktu. Yeni gizlilik kurallar\u0131na g\u00f6re, uygulamalar varsay\u0131lan olarak kullan\u0131c\u0131n\u0131n ki\u015fisel verilerini toplayamaz, ancak kullan\u0131c\u0131dan bu haklar\u0131 vermesini isteyebilir. Tabii ki, b\u00fcy\u00fck \u015firketlerin \u00e7o\u011fu bundan ho\u015flanmad\u0131lar ve bunlar\u0131n ba\u015f\u0131nda da Facebook ve Instagram geliyor. \u00dccretli olabilir imas\u0131 Ger\u00e7ek \u015fu ki, &hellip;<\/p>\n","protected":false},"author":1,"featured_media":1187,"comment_status":"open","ping_status":"open","sticky":false,"template":"","format":"standard","meta":{"footnotes":""},"categories":[20],"tags":[117,118,119,120],"class_list":["post-1185","post","type-post","status-publish","format-standard","has-post-thumbnail","hentry","category-teknoloji","tag-facebook","tag-instagram","tag-ios","tag-savas"],"yoast_head":"<!-- This site is optimized with the Yoast SEO plugin v27.5 - https:\/\/yoast.com\/product\/yoast-seo-wordpress\/ -->\n<title>Facebook ve Instagram, iOS kullan\u0131c\u0131lar\u0131na g\u00f6zda\u011f\u0131 vermeye ba\u015flad\u0131 - Ba\u015fakLife<\/title>\n<meta name=\"description\" content=\"Sosyal medya devi Facebook ve bu \u015firketin sahip oldu\u011fu Instagram, Apple&#039;\u0131n yeni gizlilik kurallar\u0131n\u0131n devreye girmesi ile birlikte iOS kullan\u0131c\u0131lar\u0131ndan veri toplama izni istiyor.\" \/>\n<meta name=\"robots\" content=\"index, follow, max-snippet:-1, max-image-preview:large, max-video-preview:-1\" \/>\n<link rel=\"canonical\" href=\"http:\/\/www.basaklife.com\/index.php\/2021\/05\/07\/facebook-ve-instagram-ios-kullanicilarina-gozdagi-vermeye-basladi\/\" \/>\n<meta property=\"og:locale\" content=\"tr_TR\" \/>\n<meta property=\"og:type\" content=\"article\" \/>\n<meta property=\"og:title\" content=\"Facebook ve Instagram, iOS kullan\u0131c\u0131lar\u0131na g\u00f6zda\u011f\u0131 vermeye ba\u015flad\u0131 - Ba\u015fakLife\" \/>\n<meta property=\"og:description\" content=\"Sosyal medya devi Facebook ve bu \u015firketin sahip oldu\u011fu Instagram, Apple&#039;\u0131n yeni gizlilik kurallar\u0131n\u0131n devreye girmesi ile birlikte iOS kullan\u0131c\u0131lar\u0131ndan veri toplama izni istiyor.\" \/>\n<meta property=\"og:url\" content=\"http:\/\/www.basaklife.com\/index.php\/2021\/05\/07\/facebook-ve-instagram-ios-kullanicilarina-gozdagi-vermeye-basladi\/\" \/>\n<meta property=\"og:site_name\" content=\"Ba\u015fakLife\" \/>\n<meta property=\"article:published_time\" content=\"2021-05-07T15:34:29+00:00\" \/>\n<meta property=\"og:image\" content=\"http:\/\/www.basaklife.com\/wp-content\/uploads\/2021\/05\/apple-facebook.png\" \/>\n\t<meta property=\"og:image:width\" content=\"720\" \/>\n\t<meta property=\"og:image:height\" content=\"360\" \/>\n\t<meta property=\"og:image:type\" content=\"image\/png\" \/>\n<meta name=\"author\" content=\"admin\" \/>\n<meta name=\"twitter:card\" content=\"summary_large_image\" \/>\n<meta name=\"twitter:label1\" content=\"Yazan:\" \/>\n\t<meta name=\"twitter:data1\" content=\"admin\" \/>\n\t<meta name=\"twitter:label2\" content=\"Tahmini okuma s\u00fcresi\" \/>\n\t<meta name=\"twitter:data2\" content=\"1 dakika\" \/>\n<script type=\"application\/ld+json\" class=\"yoast-schema-graph\">{\"@context\":\"https:\\\/\\\/schema.org\",\"@graph\":[{\"@type\":\"Article\",\"@id\":\"http:\\\/\\\/www.basaklife.com\\\/index.php\\\/2021\\\/05\\\/07\\\/facebook-ve-instagram-ios-kullanicilarina-gozdagi-vermeye-basladi\\\/#article\",\"isPartOf\":{\"@id\":\"http:\\\/\\\/www.basaklife.com\\\/index.php\\\/2021\\\/05\\\/07\\\/facebook-ve-instagram-ios-kullanicilarina-gozdagi-vermeye-basladi\\\/\"},\"author\":{\"name\":\"admin\",\"@id\":\"http:\\\/\\\/www.basaklife.com\\\/#\\\/schema\\\/person\\\/1437d699f9702c3c5a67bbe08d30981b\"},\"headline\":\"Facebook ve Instagram, iOS kullan\u0131c\u0131lar\u0131na g\u00f6zda\u011f\u0131 vermeye ba\u015flad\u0131\",\"datePublished\":\"2021-05-07T15:34:29+00:00\",\"mainEntityOfPage\":{\"@id\":\"http:\\\/\\\/www.basaklife.com\\\/index.php\\\/2021\\\/05\\\/07\\\/facebook-ve-instagram-ios-kullanicilarina-gozdagi-vermeye-basladi\\\/\"},\"wordCount\":256,\"commentCount\":0,\"image\":{\"@id\":\"http:\\\/\\\/www.basaklife.com\\\/index.php\\\/2021\\\/05\\\/07\\\/facebook-ve-instagram-ios-kullanicilarina-gozdagi-vermeye-basladi\\\/#primaryimage\"},\"thumbnailUrl\":\"http:\\\/\\\/www.basaklife.com\\\/wp-content\\\/uploads\\\/2021\\\/05\\\/apple-facebook.png\",\"keywords\":[\"facebook\",\"instagram\",\"ios\",\"sava\u015f\"],\"articleSection\":[\"Teknoloji\"],\"inLanguage\":\"tr\",\"potentialAction\":[{\"@type\":\"CommentAction\",\"name\":\"Comment\",\"target\":[\"http:\\\/\\\/www.basaklife.com\\\/index.php\\\/2021\\\/05\\\/07\\\/facebook-ve-instagram-ios-kullanicilarina-gozdagi-vermeye-basladi\\\/#respond\"]}]},{\"@type\":\"WebPage\",\"@id\":\"http:\\\/\\\/www.basaklife.com\\\/index.php\\\/2021\\\/05\\\/07\\\/facebook-ve-instagram-ios-kullanicilarina-gozdagi-vermeye-basladi\\\/\",\"url\":\"http:\\\/\\\/www.basaklife.com\\\/index.php\\\/2021\\\/05\\\/07\\\/facebook-ve-instagram-ios-kullanicilarina-gozdagi-vermeye-basladi\\\/\",\"name\":\"Facebook ve Instagram, iOS kullan\u0131c\u0131lar\u0131na g\u00f6zda\u011f\u0131 vermeye ba\u015flad\u0131 - Ba\u015fakLife\",\"isPartOf\":{\"@id\":\"http:\\\/\\\/www.basaklife.com\\\/#website\"},\"primaryImageOfPage\":{\"@id\":\"http:\\\/\\\/www.basaklife.com\\\/index.php\\\/2021\\\/05\\\/07\\\/facebook-ve-instagram-ios-kullanicilarina-gozdagi-vermeye-basladi\\\/#primaryimage\"},\"image\":{\"@id\":\"http:\\\/\\\/www.basaklife.com\\\/index.php\\\/2021\\\/05\\\/07\\\/facebook-ve-instagram-ios-kullanicilarina-gozdagi-vermeye-basladi\\\/#primaryimage\"},\"thumbnailUrl\":\"http:\\\/\\\/www.basaklife.com\\\/wp-content\\\/uploads\\\/2021\\\/05\\\/apple-facebook.png\",\"datePublished\":\"2021-05-07T15:34:29+00:00\",\"author\":{\"@id\":\"http:\\\/\\\/www.basaklife.com\\\/#\\\/schema\\\/person\\\/1437d699f9702c3c5a67bbe08d30981b\"},\"description\":\"Sosyal medya devi Facebook ve bu \u015firketin sahip oldu\u011fu Instagram, Apple'\u0131n yeni gizlilik kurallar\u0131n\u0131n devreye girmesi ile birlikte iOS kullan\u0131c\u0131lar\u0131ndan veri toplama izni istiyor.\",\"breadcrumb\":{\"@id\":\"http:\\\/\\\/www.basaklife.com\\\/index.php\\\/2021\\\/05\\\/07\\\/facebook-ve-instagram-ios-kullanicilarina-gozdagi-vermeye-basladi\\\/#breadcrumb\"},\"inLanguage\":\"tr\",\"potentialAction\":[{\"@type\":\"ReadAction\",\"target\":[\"http:\\\/\\\/www.basaklife.com\\\/index.php\\\/2021\\\/05\\\/07\\\/facebook-ve-instagram-ios-kullanicilarina-gozdagi-vermeye-basladi\\\/\"]}]},{\"@type\":\"ImageObject\",\"inLanguage\":\"tr\",\"@id\":\"http:\\\/\\\/www.basaklife.com\\\/index.php\\\/2021\\\/05\\\/07\\\/facebook-ve-instagram-ios-kullanicilarina-gozdagi-vermeye-basladi\\\/#primaryimage\",\"url\":\"http:\\\/\\\/www.basaklife.com\\\/wp-content\\\/uploads\\\/2021\\\/05\\\/apple-facebook.png\",\"contentUrl\":\"http:\\\/\\\/www.basaklife.com\\\/wp-content\\\/uploads\\\/2021\\\/05\\\/apple-facebook.png\",\"width\":720,\"height\":360},{\"@type\":\"BreadcrumbList\",\"@id\":\"http:\\\/\\\/www.basaklife.com\\\/index.php\\\/2021\\\/05\\\/07\\\/facebook-ve-instagram-ios-kullanicilarina-gozdagi-vermeye-basladi\\\/#breadcrumb\",\"itemListElement\":[{\"@type\":\"ListItem\",\"position\":1,\"name\":\"Home\",\"item\":\"http:\\\/\\\/www.basaklife.com\\\/\"},{\"@type\":\"ListItem\",\"position\":2,\"name\":\"Facebook ve Instagram, iOS kullan\u0131c\u0131lar\u0131na g\u00f6zda\u011f\u0131 vermeye ba\u015flad\u0131\"}]},{\"@type\":\"WebSite\",\"@id\":\"http:\\\/\\\/www.basaklife.com\\\/#website\",\"url\":\"http:\\\/\\\/www.basaklife.com\\\/\",\"name\":\"Ba\u015fakLife\",\"description\":\"Ya\u015fama Dair Her\u015fey\",\"potentialAction\":[{\"@type\":\"SearchAction\",\"target\":{\"@type\":\"EntryPoint\",\"urlTemplate\":\"http:\\\/\\\/www.basaklife.com\\\/?s={search_term_string}\"},\"query-input\":{\"@type\":\"PropertyValueSpecification\",\"valueRequired\":true,\"valueName\":\"search_term_string\"}}],\"inLanguage\":\"tr\"},{\"@type\":\"Person\",\"@id\":\"http:\\\/\\\/www.basaklife.com\\\/#\\\/schema\\\/person\\\/1437d699f9702c3c5a67bbe08d30981b\",\"name\":\"admin\",\"image\":{\"@type\":\"ImageObject\",\"inLanguage\":\"tr\",\"@id\":\"https:\\\/\\\/secure.gravatar.com\\\/avatar\\\/6035d6d61944ecc74f2c9f3e1a283b4da0ece0a47ee82cd0b5eab2c03ddc1000?s=96&d=mm&r=g\",\"url\":\"https:\\\/\\\/secure.gravatar.com\\\/avatar\\\/6035d6d61944ecc74f2c9f3e1a283b4da0ece0a47ee82cd0b5eab2c03ddc1000?s=96&d=mm&r=g\",\"contentUrl\":\"https:\\\/\\\/secure.gravatar.com\\\/avatar\\\/6035d6d61944ecc74f2c9f3e1a283b4da0ece0a47ee82cd0b5eab2c03ddc1000?s=96&d=mm&r=g\",\"caption\":\"admin\"},\"sameAs\":[\"http:\\\/\\\/www.basaklife.com\"],\"url\":\"http:\\\/\\\/www.basaklife.com\\\/index.php\\\/author\\\/admin\\\/\"}]}<\/script>\n<!-- \/ Yoast SEO plugin. -->","yoast_head_json":{"title":"Facebook ve Instagram, iOS kullan\u0131c\u0131lar\u0131na g\u00f6zda\u011f\u0131 vermeye ba\u015flad\u0131 - Ba\u015fakLife","description":"Sosyal medya devi Facebook ve bu \u015firketin sahip oldu\u011fu Instagram, Apple'\u0131n yeni gizlilik kurallar\u0131n\u0131n devreye girmesi ile birlikte iOS kullan\u0131c\u0131lar\u0131ndan veri toplama izni istiyor.","robots":{"index":"index","follow":"follow","max-snippet":"max-snippet:-1","max-image-preview":"max-image-preview:large","max-video-preview":"max-video-preview:-1"},"canonical":"http:\/\/www.basaklife.com\/index.php\/2021\/05\/07\/facebook-ve-instagram-ios-kullanicilarina-gozdagi-vermeye-basladi\/","og_locale":"tr_TR","og_type":"article","og_title":"Facebook ve Instagram, iOS kullan\u0131c\u0131lar\u0131na g\u00f6zda\u011f\u0131 vermeye ba\u015flad\u0131 - Ba\u015fakLife","og_description":"Sosyal medya devi Facebook ve bu \u015firketin sahip oldu\u011fu Instagram, Apple'\u0131n yeni gizlilik kurallar\u0131n\u0131n devreye girmesi ile birlikte iOS kullan\u0131c\u0131lar\u0131ndan veri toplama izni istiyor.","og_url":"http:\/\/www.basaklife.com\/index.php\/2021\/05\/07\/facebook-ve-instagram-ios-kullanicilarina-gozdagi-vermeye-basladi\/","og_site_name":"Ba\u015fakLife","article_published_time":"2021-05-07T15:34:29+00:00","og_image":[{"width":720,"height":360,"url":"http:\/\/www.basaklife.com\/wp-content\/uploads\/2021\/05\/apple-facebook.png","type":"image\/png"}],"author":"admin","twitter_card":"summary_large_image","twitter_misc":{"Yazan:":"admin","Tahmini okuma s\u00fcresi":"1 dakika"},"schema":{"@context":"https:\/\/schema.org","@graph":[{"@type":"Article","@id":"http:\/\/www.basaklife.com\/index.php\/2021\/05\/07\/facebook-ve-instagram-ios-kullanicilarina-gozdagi-vermeye-basladi\/#article","isPartOf":{"@id":"http:\/\/www.basaklife.com\/index.php\/2021\/05\/07\/facebook-ve-instagram-ios-kullanicilarina-gozdagi-vermeye-basladi\/"},"author":{"name":"admin","@id":"http:\/\/www.basaklife.com\/#\/schema\/person\/1437d699f9702c3c5a67bbe08d30981b"},"headline":"Facebook ve Instagram, iOS kullan\u0131c\u0131lar\u0131na g\u00f6zda\u011f\u0131 vermeye ba\u015flad\u0131","datePublished":"2021-05-07T15:34:29+00:00","mainEntityOfPage":{"@id":"http:\/\/www.basaklife.com\/index.php\/2021\/05\/07\/facebook-ve-instagram-ios-kullanicilarina-gozdagi-vermeye-basladi\/"},"wordCount":256,"commentCount":0,"image":{"@id":"http:\/\/www.basaklife.com\/index.php\/2021\/05\/07\/facebook-ve-instagram-ios-kullanicilarina-gozdagi-vermeye-basladi\/#primaryimage"},"thumbnailUrl":"http:\/\/www.basaklife.com\/wp-content\/uploads\/2021\/05\/apple-facebook.png","keywords":["facebook","instagram","ios","sava\u015f"],"articleSection":["Teknoloji"],"inLanguage":"tr","potentialAction":[{"@type":"CommentAction","name":"Comment","target":["http:\/\/www.basaklife.com\/index.php\/2021\/05\/07\/facebook-ve-instagram-ios-kullanicilarina-gozdagi-vermeye-basladi\/#respond"]}]},{"@type":"WebPage","@id":"http:\/\/www.basaklife.com\/index.php\/2021\/05\/07\/facebook-ve-instagram-ios-kullanicilarina-gozdagi-vermeye-basladi\/","url":"http:\/\/www.basaklife.com\/index.php\/2021\/05\/07\/facebook-ve-instagram-ios-kullanicilarina-gozdagi-vermeye-basladi\/","name":"Facebook ve Instagram, iOS kullan\u0131c\u0131lar\u0131na g\u00f6zda\u011f\u0131 vermeye ba\u015flad\u0131 - Ba\u015fakLife","isPartOf":{"@id":"http:\/\/www.basaklife.com\/#website"},"primaryImageOfPage":{"@id":"http:\/\/www.basaklife.com\/index.php\/2021\/05\/07\/facebook-ve-instagram-ios-kullanicilarina-gozdagi-vermeye-basladi\/#primaryimage"},"image":{"@id":"http:\/\/www.basaklife.com\/index.php\/2021\/05\/07\/facebook-ve-instagram-ios-kullanicilarina-gozdagi-vermeye-basladi\/#primaryimage"},"thumbnailUrl":"http:\/\/www.basaklife.com\/wp-content\/uploads\/2021\/05\/apple-facebook.png","datePublished":"2021-05-07T15:34:29+00:00","author":{"@id":"http:\/\/www.basaklife.com\/#\/schema\/person\/1437d699f9702c3c5a67bbe08d30981b"},"description":"Sosyal medya devi Facebook ve bu \u015firketin sahip oldu\u011fu Instagram, Apple'\u0131n yeni gizlilik kurallar\u0131n\u0131n devreye girmesi ile birlikte iOS kullan\u0131c\u0131lar\u0131ndan veri toplama izni istiyor.","breadcrumb":{"@id":"http:\/\/www.basaklife.com\/index.php\/2021\/05\/07\/facebook-ve-instagram-ios-kullanicilarina-gozdagi-vermeye-basladi\/#breadcrumb"},"inLanguage":"tr","potentialAction":[{"@type":"ReadAction","target":["http:\/\/www.basaklife.com\/index.php\/2021\/05\/07\/facebook-ve-instagram-ios-kullanicilarina-gozdagi-vermeye-basladi\/"]}]},{"@type":"ImageObject","inLanguage":"tr","@id":"http:\/\/www.basaklife.com\/index.php\/2021\/05\/07\/facebook-ve-instagram-ios-kullanicilarina-gozdagi-vermeye-basladi\/#primaryimage","url":"http:\/\/www.basaklife.com\/wp-content\/uploads\/2021\/05\/apple-facebook.png","contentUrl":"http:\/\/www.basaklife.com\/wp-content\/uploads\/2021\/05\/apple-facebook.png","width":720,"height":360},{"@type":"BreadcrumbList","@id":"http:\/\/www.basaklife.com\/index.php\/2021\/05\/07\/facebook-ve-instagram-ios-kullanicilarina-gozdagi-vermeye-basladi\/#breadcrumb","itemListElement":[{"@type":"ListItem","position":1,"name":"Home","item":"http:\/\/www.basaklife.com\/"},{"@type":"ListItem","position":2,"name":"Facebook ve Instagram, iOS kullan\u0131c\u0131lar\u0131na g\u00f6zda\u011f\u0131 vermeye ba\u015flad\u0131"}]},{"@type":"WebSite","@id":"http:\/\/www.basaklife.com\/#website","url":"http:\/\/www.basaklife.com\/","name":"Ba\u015fakLife","description":"Ya\u015fama Dair Her\u015fey","potentialAction":[{"@type":"SearchAction","target":{"@type":"EntryPoint","urlTemplate":"http:\/\/www.basaklife.com\/?s={search_term_string}"},"query-input":{"@type":"PropertyValueSpecification","valueRequired":true,"valueName":"search_term_string"}}],"inLanguage":"tr"},{"@type":"Person","@id":"http:\/\/www.basaklife.com\/#\/schema\/person\/1437d699f9702c3c5a67bbe08d30981b","name":"admin","image":{"@type":"ImageObject","inLanguage":"tr","@id":"https:\/\/secure.gravatar.com\/avatar\/6035d6d61944ecc74f2c9f3e1a283b4da0ece0a47ee82cd0b5eab2c03ddc1000?s=96&d=mm&r=g","url":"https:\/\/secure.gravatar.com\/avatar\/6035d6d61944ecc74f2c9f3e1a283b4da0ece0a47ee82cd0b5eab2c03ddc1000?s=96&d=mm&r=g","contentUrl":"https:\/\/secure.gravatar.com\/avatar\/6035d6d61944ecc74f2c9f3e1a283b4da0ece0a47ee82cd0b5eab2c03ddc1000?s=96&d=mm&r=g","caption":"admin"},"sameAs":["http:\/\/www.basaklife.com"],"url":"http:\/\/www.basaklife.com\/index.php\/author\/admin\/"}]}},"jetpack_featured_media_url":"http:\/\/www.basaklife.com\/wp-content\/uploads\/2021\/05\/apple-facebook.png","amp_enabled":true,"_links":{"self":[{"href":"http:\/\/www.basaklife.com\/index.php\/wp-json\/wp\/v2\/posts\/1185","targetHints":{"allow":["GET"]}}],"collection":[{"href":"http:\/\/www.basaklife.com\/index.php\/wp-json\/wp\/v2\/posts"}],"about":[{"href":"http:\/\/www.basaklife.com\/index.php\/wp-json\/wp\/v2\/types\/post"}],"author":[{"embeddable":true,"href":"http:\/\/www.basaklife.com\/index.php\/wp-json\/wp\/v2\/users\/1"}],"replies":[{"embeddable":true,"href":"http:\/\/www.basaklife.com\/index.php\/wp-json\/wp\/v2\/comments?post=1185"}],"version-history":[{"count":1,"href":"http:\/\/www.basaklife.com\/index.php\/wp-json\/wp\/v2\/posts\/1185\/revisions"}],"predecessor-version":[{"id":1188,"href":"http:\/\/www.basaklife.com\/index.php\/wp-json\/wp\/v2\/posts\/1185\/revisions\/1188"}],"wp:featuredmedia":[{"embeddable":true,"href":"http:\/\/www.basaklife.com\/index.php\/wp-json\/wp\/v2\/media\/1187"}],"wp:attachment":[{"href":"http:\/\/www.basaklife.com\/index.php\/wp-json\/wp\/v2\/media?parent=1185"}],"wp:term":[{"taxonomy":"category","embeddable":true,"href":"http:\/\/www.basaklife.com\/index.php\/wp-json\/wp\/v2\/categories?post=1185"},{"taxonomy":"post_tag","embeddable":true,"href":"http:\/\/www.basaklife.com\/index.php\/wp-json\/wp\/v2\/tags?post=1185"}],"curies":[{"name":"wp","href":"https:\/\/api.w.org\/{rel}","templated":true}]}}