{"id":1222,"date":"2022-01-31T19:30:23","date_gmt":"2022-01-31T19:30:23","guid":{"rendered":"http:\/\/www.basaklife.com\/?p=1222"},"modified":"2022-01-31T19:30:23","modified_gmt":"2022-01-31T19:30:23","slug":"cumhurbaskani-erdogan-elektrik-tarifelerini-yeniden-duzenledik","status":"publish","type":"post","link":"http:\/\/www.basaklife.com\/index.php\/2022\/01\/31\/cumhurbaskani-erdogan-elektrik-tarifelerini-yeniden-duzenledik\/","title":{"rendered":"Cumhurba\u015fkan\u0131 Erdo\u011fan: &#8216;Elektrik tarifelerini yeniden d\u00fczenledik&#8217;"},"content":{"rendered":"<div id=\"main-text\" class=\"post-text mb20 word em dark-1 tleft \" data-zoom=\"4\">\n<p>Cumhurba\u015fkan\u0131 Recep Tayyip Erdo\u011fan, \u201cVatanda\u015flar\u0131m\u0131z\u0131n elektrik faturalar\u0131n\u0131n iki kat, hatta \u00fc\u00e7 kat artt\u0131\u011f\u0131 y\u00f6n\u00fcndeki \u015fikayetleri \u00fczerine ilgili kurumlar\u0131m\u0131za elektrik tarifelerinin yeniden d\u00fczenlenmesi talimat\u0131n\u0131 verdik. Bu \u00e7er\u00e7evede en d\u00fc\u015f\u00fck tarifede g\u00fcnl\u00fck 5 kilovat olarak hesaplanan t\u00fcketim tutar\u0131n\u0131 7 kilovata, dolay\u0131s\u0131yla ayl\u0131k t\u00fcketimi de 150 kilovattan 210 kilovata \u00e7\u0131kart\u0131yoruz. \u015eubat ay\u0131nda sarf edilecek elektri\u011fin faturas\u0131 vatanda\u015flar\u0131m\u0131z lehine yap\u0131lacak bu yeni d\u00fczenlemeye uygun \u015fekilde gelecektir\u201d dedi.<\/p>\n<p>Erdo\u011fan, konu\u015fmas\u0131nda baz\u0131 m\u00fcjdeler de verdi. Adalet Bakanl\u0131\u011f\u0131 g\u00f6revinde ya\u015fanan de\u011fi\u015fimle ilgili konu\u015fan Cumhurba\u015fkan\u0131 Erdo\u011fan, \u201cAdalet Bakan\u0131m\u0131z Bekir Bozda\u011f&#8217;a tekrar ho\u015f geldiniz diyorum. \u00dclkemize ve siyasete yapt\u0131\u011f\u0131 nice hizmetler yan\u0131nda 15 Temmuz gecesi Meclis&#8217;e bombalar ya\u011farken darbecilere yi\u011fit\u00e7e meydan okuyu\u015fu ile hat\u0131rlad\u0131\u011f\u0131m\u0131z Bekir Bozda\u011f&#8217;a Adalet Bakanl\u0131\u011f\u0131 g\u00f6revinde ba\u015far\u0131lar diliyorum. Bakanl\u0131k g\u00f6revinden aff\u0131n\u0131 isteyen Abdulhamit G\u00fcl karde\u015fimize bug\u00fcne kadar hakk\u0131 ve hakkaniyeti g\u00f6zeterek g\u00f6sterdi\u011fi samimi gayretler, s\u00fckunetle y\u00fcr\u00fctt\u00fc\u011f\u00fc hizmetler i\u00e7in te\u015fekk\u00fcr ediyorum. Kendisi ile in\u015fallah farkl\u0131 platformlarda, farkl\u0131 vesilelerle \u00e7al\u0131\u015fmaya birlikte y\u00fcr\u00fcmeye devam edece\u011fiz\u201d diye konu\u015ftu.<\/p>\n<p>Cumhurba\u015fkanl\u0131\u011f\u0131 H\u00fck\u00fcmet Sistemi&#8217;nde Kabine \u00fcyelerinin de di\u011fer \u00fcst d\u00fczey y\u00f6netici kadrolar\u0131 gibi do\u011frudan Cumhurba\u015fkan\u0131 taraf\u0131ndan belirlendi\u011fini kaydeden Erdo\u011fan, \u201cDe\u011fi\u015fen \u015fartlara ve ihtiya\u00e7lara g\u00f6re Kabinede revizyona gitmemiz gayet tabidir. Aksi y\u00f6nde bir tutum hayat\u0131n ola\u011fan ak\u0131\u015f\u0131na ayk\u0131r\u0131 olurdu. Her g\u00f6rev gibi Kabinedeki de\u011fi\u015fimler de bir bayrak yar\u0131\u015f\u0131d\u0131r. Bayra\u011f\u0131 teslim alan arkada\u015f\u0131m\u0131z yeni bir heyecan ile yeni bir vizyon ile hedeflerimize do\u011fru ilerlemeyi s\u00fcrd\u00fcrmektedir. Bu \u00e7er\u00e7evede yeni y\u00f6netim sisteminin ilk Kabinesini kurdu\u011fumuz 2018 Temmuz ay\u0131ndan bu yana kadar 6 bakan\u0131m\u0131z de\u011fi\u015fti, bir bakanl\u0131\u011f\u0131m\u0131z\u0131n ikiyi ayr\u0131lmas\u0131 sebebiyle 7 arkada\u015f\u0131m\u0131z da Kabineye girdi. Bundan sonra da elbette gerekti\u011finde yeni de\u011fi\u015fiklikler yapabiliriz. Bizim i\u00e7in as\u0131l olan \u00fclkemizi 2023 hedeflerine ula\u015ft\u0131rmak, gen\u00e7lerimize 2053 vizyonlar\u0131n\u0131 hayata ge\u00e7irebilecekleri b\u00fcy\u00fck ve g\u00fc\u00e7l\u00fc T\u00fcrkiye&#8217;yi emanet etmektir. Milletimizin bize \u00fclkeyi y\u00f6netme sorumlulu\u011fu verdi\u011fi 2002 Kas\u0131m&#8217;\u0131ndan bug\u00fcne kadar beraber \u00e7al\u0131\u015ft\u0131\u011f\u0131m\u0131z, hayata ge\u00e7irdi\u011fimiz eser ve hizmetlerde katk\u0131s\u0131 olan herkese te\u015fekk\u00fcr ediyorum. Hepimiz faniyiz, insanlar gelir ge\u00e7er, \u00f6nemli olan g\u00f6k kubbede ho\u015f bir seda b\u0131rakmakt\u0131r. Hangi g\u00f6revde, hangi unvanda, hangi sorumluluk mevkiinde bulunursak bulunal\u0131m bunu ba\u015farabilmi\u015fsek ne mutlu bize. Bir de \u00fclkenin geli\u015fmesi, kalk\u0131nmas\u0131, b\u00fcy\u00fcmesi i\u00e7in tu\u011fla \u00fcst\u00fcne tu\u011fla koymad\u0131klar\u0131 halde ekme\u011fini yedikleri, suyunu i\u00e7tikleri, havas\u0131n\u0131 soluduklar\u0131 vatanlar\u0131na lay\u0131k olamayanlar da var. Bunlar\u0131 da milletimizin o engin ferasetine havale ediyoruz. \u0130n\u015fallah T\u00fcrkiye&#8217;yi d\u00fcnyan\u0131n en b\u00fcy\u00fck 10 ekonomisi aras\u0131na sokarak, Ye\u015fil Kalk\u0131nma Devrimi&#8217;ni ger\u00e7ekle\u015ftirerek, \u00fclkemizi b\u00f6lgesinin ve d\u00fcnyan\u0131n lider devleti yaparak bu kutlu m\u00fccadeleyi nihai hedefine ula\u015ft\u0131raca\u011f\u0131z. \u00dclkemizin iki as\u0131rl\u0131k demokrasi ve kalk\u0131nma m\u00fccadelesinin son 20 y\u0131l\u0131nda bize bu imkan\u0131 veren, bu zaferleri ya\u015fatan, insanlar\u0131m\u0131z\u0131n ba\u015f\u0131n\u0131n dik durmas\u0131n\u0131 sa\u011flayan Rabbime binlerce hamdolsun\u201d \u015feklinde konu\u015ftu.<\/p>\n<p><strong>\u201cTar\u0131msal destekleme b\u00fct\u00e7esini 3,2 milyar liral\u0131k ilave ile 29 milyar liraya \u00e7\u0131kard\u0131k\u201d<\/strong><\/p>\n<p>T\u00fcrkiye genelinde ya\u015fanan kar ya\u011f\u0131\u015f\u0131 ve sonras\u0131ndaki karla m\u00fccadele \u00e7al\u0131\u015fmalar\u0131na ili\u015fkin a\u00e7\u0131klamada bulunan Cumhurba\u015fkan\u0131 Erdo\u011fan, \u201cT\u00fcrkiye son y\u0131llar\u0131n en bereketli ve elbette zahmetli k\u0131\u015f\u0131n\u0131 ge\u00e7iriyor. Kurakl\u0131k tehdidi alt\u0131nda ge\u00e7en birka\u00e7 y\u0131l\u0131n ard\u0131ndan son haftalarda ya\u011fan kar ile hamdolsun en az\u0131ndan bu y\u0131l i\u00e7in rahat bir nefes ald\u0131k. Kar ya\u011f\u0131\u015f\u0131n\u0131n bast\u0131rd\u0131\u011f\u0131 ilk g\u00fcnlerde \u015fehirleraras\u0131 yollarda ve \u015fehir i\u00e7lerindeki ula\u015f\u0131mlarda \u00e7e\u015fitli s\u0131k\u0131nt\u0131lar ya\u015fand\u0131. Karayollar\u0131 ekiplerimiz \u015fehirleraras\u0131 yollar\u0131, belediyeler kendi sorumluluk alanlar\u0131ndaki yollar\u0131 a\u00e7\u0131k tutmak i\u00e7in harekete ge\u00e7ti. Ancak bu m\u00fccadelenin yeteri kadar etkin y\u00fcr\u00fct\u00fclemedi\u011fi yerlerde vatanda\u015flar\u0131m\u0131zdan ma\u011fduriyet ya\u015fayanlar da oldu. Her \u015feye ra\u011fmen genel olarak verimli bir k\u0131\u015f mevsimi ge\u00e7irdi\u011fimizi s\u00f6yleyebiliriz. Kar ya\u011f\u0131\u015f\u0131 iye birlikte topra\u011f\u0131n doymas\u0131n\u0131, barajlar\u0131n dolmas\u0131n\u0131 olumlu bir geli\u015fme olarak g\u00f6r\u00fcyoruz. \u0130n\u015fallah \u00fclkemiz \u015eubat, Mart. Nisan aylar\u0131nda da yeteri kadar ya\u011f\u0131\u015f al\u0131r ve bereketli bir y\u0131l\u0131 hep birlikte ya\u015far\u0131z. Bu vesile ile 2022 y\u0131l\u0131nda 25,8 milyar lira olarak tar\u0131msal destekleme b\u00fct\u00e7esini 3,2 milyar liral\u0131k ilave ile 29 milyar liraya \u00e7\u0131kard\u0131\u011f\u0131m\u0131z\u0131n m\u00fcjdesini \u00e7ift\u00e7ilerimizle payla\u015fmak istiyorum. \u00d6zellikle hububat \u00fcreticilerimizin girdi desteklerini ge\u00e7en y\u0131la oranla y\u00fczde 127 oran\u0131nda art\u0131rd\u0131k\u201d dedi.<\/p>\n<p><strong>\u201cAyl\u0131k t\u00fcketimi 150 kilovattan 210 kilovata \u00e7\u0131kart\u0131yoruz\u201d<\/strong><\/p>\n<p>Elektrik ve do\u011fal gaz fiyatlar\u0131ndaki art\u0131\u015fa da de\u011finen Erdo\u011fan, \u201c\u0130ran ile aram\u0131zdaki do\u011fal gaz hatt\u0131n\u0131n kar\u015f\u0131 taraftaki b\u00f6l\u00fcm\u00fcnde ya\u015fanan ar\u0131za nedeniyle do\u011fal gaz arz\u0131nda azalma ortaya \u00e7\u0131km\u0131\u015ft\u0131. Bunun \u00fczerine her seviyede giri\u015fimde bulunarak ar\u0131zan\u0131n giderilmesi \u00e7al\u0131\u015fmalar\u0131n\u0131 havalar\u0131n \u0131s\u0131nd\u0131\u011f\u0131 \u00f6n\u00fcm\u00fczdeki aylara b\u0131rak\u0131lmas\u0131 konusunda \u0130ran ile mutab\u0131k kald\u0131k. B\u00f6ylece \u0130ran hatt\u0131ndan do\u011fal gaz ak\u0131\u015f\u0131n\u0131 yeniden ba\u015flatt\u0131k. Ayr\u0131ca Azerbaycan hatt\u0131ndan ald\u0131\u011f\u0131m\u0131z do\u011fal gaz miktar\u0131n\u0131 da art\u0131rd\u0131k. \u0130laveten \u00e7e\u015fitli kaynaklardan temin etti\u011fimiz LNG al\u0131mlar\u0131n\u0131 h\u0131zland\u0131rd\u0131k. Tuz G\u00f6l\u00fc ve Silivri&#8217;deki yeralt\u0131 do\u011fal gaz depolama tesislerini de devreye soktuk. Sanayi kurulu\u015flar\u0131na uygulanan k\u0131smi enerji kesintisini \u00f6nemli \u00f6l\u00e7\u00fcde azaltt\u0131k, yak\u0131nda t\u00fcm\u00fcyle kald\u0131r\u0131yoruz. Bir ba\u015fka \u00f6nemli konu da elektrik faturalar\u0131nda ya\u015fanan art\u0131\u015flard\u0131r. Salg\u0131n d\u00f6neminde d\u00fcnyada k\u00f6m\u00fcr fiyatlar\u0131 5 kat, do\u011fal gaz fiyatlar\u0131 10 kat artarken biz \u00fclkemizde bunu vatanda\u015flar\u0131m\u0131za yans\u0131tmamak i\u00e7in yo\u011fun gayret g\u00f6sterdik. Uzunca bir s\u00fcre do\u011fal gazda y\u00fczde 75, elektrik faturalar\u0131nda y\u00fczde 50 s\u00fcbvansiyon uygulad\u0131k. Y\u0131lba\u015f\u0131 itibariyle enerji piyasalar\u0131nda s\u00fcrd\u00fcr\u00fclebilirli\u011fi sa\u011flamak i\u00e7in tarifelerde zorunlu d\u00fczenlemeye gitmek durumunda kald\u0131k. Vatanda\u015flar\u0131m\u0131z\u0131n elektrik faturalar\u0131n\u0131n iki kat, hatta \u00fc\u00e7 kat artt\u0131\u011f\u0131 y\u00f6n\u00fcndeki \u015fikayetleri \u00fczerine ilgili kurumlar\u0131m\u0131za elektrik tarifelerinin yeniden d\u00fczenlenmesi talimat\u0131n\u0131 verdik. Bu \u00e7er\u00e7evede en d\u00fc\u015f\u00fck tarifede g\u00fcnl\u00fck 5 kilovat olarak hesaplanan t\u00fcketim tutar\u0131n\u0131 7 kilovata, dolay\u0131s\u0131yla ayl\u0131k t\u00fcketimi de 150 kilovattan 210 kilovata \u00e7\u0131kart\u0131yoruz. \u015eubat ay\u0131nda sarf edilecek elektri\u011fin faturas\u0131 vatanda\u015flar\u0131m\u0131z lehine yap\u0131lacak bu yeni d\u00fczenlemeye uygun \u015fekilde gelecektir\u201d ifadelerini kulland\u0131.<br \/>\nKorona vir\u00fcs salg\u0131n\u0131ndaki geli\u015fmelere de dikkat \u00e7eken Erdo\u011fan, Omicron varyant\u0131 ile birlikte g\u00fcc\u00fc azalan salg\u0131n\u0131n yak\u0131nda g\u00fcndemden \u00e7\u0131kaca\u011f\u0131n\u0131 \u00fcmit etti\u011fini belirtti. A\u015f\u0131lar\u0131n\u0131 olmayanlara a\u015f\u0131lar\u0131n\u0131 olmalar\u0131n\u0131 tavsiye eden Erdo\u011fan, istatistiki olarak vaka say\u0131s\u0131nda \u00f6nemli art\u0131\u015f olmas\u0131na ra\u011fmen hastanelerde ve yo\u011fun bak\u0131mlarda alarm seviyesine ge\u00e7ilmesini gerektiren bir tablo olmad\u0131\u011f\u0131n\u0131 kaydetti. Erdo\u011fan, \u201cSon 10 y\u0131ld\u0131r pek \u00e7ok yerde ba\u015far\u0131 ile uygulanan sosyal kaos, siyasi istikrars\u0131zl\u0131k, ekonomik \u00e7\u00f6k\u00fcnt\u00fc, toplumun b\u00f6l\u00fcnmesi, \u00fclkenin par\u00e7alanmas\u0131 senaryolar\u0131n\u0131 y\u0131rt\u0131p att\u0131\u011f\u0131m\u0131z gibi salg\u0131n\u0131n da \u00fcstesinden geldik. Milli birlik ve beraberli\u011fimizi korumada, ter\u00f6rle m\u00fccadelede, s\u0131n\u0131rlar\u0131m\u0131za y\u00f6nelik tehditleri bertaraf etmede, b\u00f6lgesel ve k\u00fcresel meselelerde \u00f6n al\u0131c\u0131 olmada g\u00f6sterdi\u011fimiz ba\u015far\u0131y\u0131 salg\u0131n s\u00fcrecinde bir \u00fcst a\u015famaya \u00e7\u0131kard\u0131k. De\u011fi\u015fen k\u00fcresel y\u00f6netim ve ekonomi sisteminde T\u00fcrkiye art\u0131k etkilenen, takip eden, dahil edilen de\u011fil, belirleyici \u00fclkeler aras\u0131na girmi\u015ftir. \u0130ki as\u0131rl\u0131k demokrasi ve kalk\u0131nma m\u00fccadelemizde en \u00fcst lige \u00e7\u0131kabilecek konuma geldi\u011fimizi dost d\u00fc\u015fman herkese g\u00f6sterdik. Art\u0131k gelece\u011fe daha bir g\u00fcvenle, daha bir umutla, daha bir azimle, daha bir kararl\u0131l\u0131kla bak\u0131yoruz\u201d a\u00e7\u0131klamas\u0131nda bulundu.<\/p>\n<p><strong>\u201cBu \u00fc\u00e7 paketle firmalar\u0131m\u0131za 60 milyar liral\u0131k bir kefaret limiti a\u00e7\u0131yoruz\u201d<\/strong><\/p>\n<p>Kredi Garanti Fonu kefaleti ile kulland\u0131r\u0131lacak \u00fc\u00e7 yeni destek paketini a\u00e7\u0131klayan Erdo\u011fan, \u201cBunlardan ilki olan i\u015fletme harcamalar\u0131nda kartl\u0131 \u00f6deme deste\u011fini KOB\u0130 ve KOB\u0130 d\u0131\u015f\u0131 t\u00fcm firmalar\u0131n finansmana eri\u015fimini sa\u011flamak i\u00e7in haz\u0131rlad\u0131k. Yat\u0131r\u0131m destek paketi kalk\u0131nma plan\u0131ndaki \u00f6ncelikli sekt\u00f6rlerden ba\u015flayarak katma de\u011feri y\u00fcksek \u00fcr\u00fcnlerin \u00fcretimine y\u00f6nelik \u00e7al\u0131\u015fan firmalar\u0131m\u0131z\u0131 kapsamaktad\u0131r. \u0130hracat destek paketi ise d\u00f6viz kazand\u0131r\u0131c\u0131 faaliyet y\u00fcr\u00fcten ve ihracat potansiyeli ta\u015f\u0131yan KOB\u0130&#8217;lerimize hitap etmektedir. Bu \u00fc\u00e7 paketle firmalar\u0131m\u0131za 60 milyar liral\u0131k bir kefaret limiti a\u00e7\u0131yoruz. Amac\u0131m\u0131z tedarik zincirinde s\u00fcreklili\u011fi sa\u011flayacak, yat\u0131r\u0131m, istihdam, \u00fcretim, ihracat ve cari fazlay\u0131 destekleyecek bir ekonomik destek iklimi olu\u015fturmakt\u0131r. Bu kapsamda al\u0131nacak kredilerin amac\u0131na uygun kullan\u0131lmas\u0131n\u0131 temin etmek i\u00e7in bankalar\u0131m\u0131z\u0131n ve firmalar\u0131m\u0131z\u0131n gereken hassasiyeti g\u00f6sterece\u011fine inan\u0131yoruz. Hazine ve Maliye Bakanl\u0131\u011f\u0131m\u0131z fatura ve s\u00f6zle\u015fme belgelerinin takibi ba\u015fta olmak \u00fczere bu amac\u0131 sa\u011flamaya y\u00f6nelik gereken tedbirleri alacakt\u0131r. Yeni kredi paketimizin \u00fclkemize, sekt\u00f6rlerimize, firmalar\u0131m\u0131za hay\u0131rl\u0131 olmas\u0131n\u0131 diliyorum\u201d dedi.<\/p>\n<p><strong>\u201c2 bin 920 engelli vatanda\u015f\u0131m\u0131z\u0131n kamuya yerle\u015fimini sa\u011flayaca\u011f\u0131z\u201d<\/strong><\/p>\n<p>Engellilere y\u00f6nelik bu y\u0131l\u0131n ilk memur yerle\u015ftirme atamas\u0131n\u0131n 8 \u015eubat&#8217;ta yap\u0131laca\u011f\u0131n\u0131 belirten Erdo\u011fan, \u201cBu atama ile her e\u011fitim kademesinden toplamda 2 bin 920 engelli vatanda\u015f\u0131m\u0131z\u0131n kamuya yerle\u015fimini sa\u011flayaca\u011f\u0131z. Ayr\u0131ca dezavantajl\u0131 ailelerin anaokuluna ve ana s\u0131n\u0131f\u0131na devam eden \u00e7ocuklar\u0131na y\u00f6nelik y\u0131ll\u0131k 500 milyon liral\u0131k yeni bir destek paketini de hayata ge\u00e7iriyoruz. Bu destek paketinin dezavantajl\u0131 ailelerimizin say\u0131lar\u0131 bir milyonu bulan \u00e7ocuklar\u0131na hay\u0131rl\u0131 olmas\u0131n\u0131 diliyorum\u201d diye konu\u015ftu.<\/p>\n<p>Son y\u0131llarda ya\u015fanan sel, yang\u0131n ve deprem gibi tabi afetlerle m\u00fccadelede T\u00fcrkiye&#8217;nin \u00f6rnek bir \u00fclke oldu\u011funu ifade eden Erdo\u011fan, hafta sonu gitti\u011fi Giresun ve Trabzon&#8217;da yapt\u0131\u011f\u0131 a\u00e7\u0131l\u0131\u015flar ve teslim t\u00f6renlerinden bahsetti. Hava \u015fartlar\u0131 ve programlar\u0131n\u0131n el verdi\u011fi s\u00fcrece hafta sonlar\u0131n\u0131 \u015fehirlerde vatanda\u015flarla kucakla\u015farak ge\u00e7irme karar\u0131nda oldu\u011funu belirten Erdo\u011fan, \u201cBiz asla biz \u00fclkesinden bihaber, milletinden kopuk salon siyaset\u00e7ilerinden olmad\u0131k, olmayaca\u011f\u0131z. \u0130n\u015fallah bu hafta sonu Cumartesi g\u00fcn\u00fc de Zonguldak&#8217;ta olaca\u011f\u0131z\u201d dedi.<\/p>\n<p><strong>\u201cYerli ve milli \u0130HA say\u0131m\u0131z\u0131 8&#8217;e, yang\u0131n s\u00f6nd\u00fcrme u\u00e7aklar\u0131m\u0131z\u0131n say\u0131s\u0131n\u0131 20&#8217;ye, helikopter say\u0131m\u0131z\u0131 55&#8217;e \u00e7\u0131kart\u0131yoruz\u201d<\/strong><\/p>\n<p>Havalar\u0131n \u0131s\u0131nmas\u0131n\u0131 beklemeden orman yang\u0131nlar\u0131 ile m\u00fccadeledeki alt yap\u0131y\u0131 g\u00fc\u00e7lendirecek ad\u0131mlar\u0131 att\u0131klar\u0131n\u0131 s\u00f6yleyen Erdo\u011fan, \u201cBu \u00e7er\u00e7evede yerli ve milli insans\u0131z hava arac\u0131 say\u0131m\u0131z\u0131 8&#8217;e, yang\u0131n s\u00f6nd\u00fcrme u\u00e7aklar\u0131m\u0131z\u0131n say\u0131s\u0131n\u0131 20&#8217;ye, helikopter say\u0131m\u0131z\u0131 55&#8217;e \u00e7\u0131kart\u0131yoruz. Hava ara\u00e7lar\u0131m\u0131z\u0131n her seferdeki su atma kapasitesini ge\u00e7ti\u011fimiz y\u0131l 85 tondan 184 tona \u00e7\u0131kartm\u0131\u015ft\u0131k. Filomuza ekleyece\u011fimiz yeni hava ara\u00e7lar\u0131 ile bu kapasiteyi 278 tona y\u00fckseltiyoruz. Yapay zeka uygulamalar\u0131n\u0131 daha etkin \u015fekilde kullanarak yang\u0131n riski ve seyrini yak\u0131ndan takip edecek bir sistemi de kuruyoruz. E\u011fitim verdi\u011fimiz 100 bin vatanda\u015f\u0131m\u0131zla orman yang\u0131nlar\u0131na m\u00fcdahalede \u00f6nemli bir g\u00f6n\u00fcll\u00fc g\u00fcc\u00fc olu\u015fturuyoruz\u201d ifadelerini kulland\u0131.<\/p>\n<p><strong>\u201cSon 3 y\u0131ld\u0131r ekonomide ya\u015fad\u0131\u011f\u0131m\u0131z dalgalanmalarla T\u00fcrkiye gemisini belki biraz sarst\u0131lar ama as\u0131l ama\u00e7lar\u0131na ula\u015famad\u0131lar\u201d<\/strong><\/p>\n<p>T\u00fcrkiye&#8217;nin girdi\u011fi kalk\u0131nma ve b\u00fcy\u00fcme s\u00fcrecinde s\u0131k\u0131nt\u0131larla da kar\u015f\u0131la\u015ft\u0131klar\u0131n\u0131n alt\u0131n\u0131 \u00e7izen Erdo\u011fan, \u201cYa\u015fad\u0131\u011f\u0131m\u0131z sanc\u0131lar\u0131m\u0131z\u0131n bir k\u0131sm\u0131, ya\u015fad\u0131\u011f\u0131m\u0131z b\u00fcy\u00fck d\u00f6n\u00fc\u015f\u00fcm\u00fcn, de\u011fi\u015fimin, seviye y\u00fckseltme iradesinin neticeleridir. Bunun yan\u0131nda \u00fclkemizin \u00f6n\u00fcne kurulan tuzaklar\u0131 a\u015farken, aya\u011f\u0131m\u0131za tak\u0131lan \u00e7elmelerin \u00fczerinden atlarken, maruz kald\u0131\u011f\u0131m\u0131z sald\u0131r\u0131lar\u0131 savu\u015ftururken ya\u015fad\u0131\u011f\u0131m\u0131z s\u0131k\u0131nt\u0131lar da var. Bize d\u00fc\u015fen buna ra\u011fmen hedeflerimize do\u011fru y\u00fcr\u00fcmeye devam etmek, buna ra\u011fmen m\u00fccadeleyi s\u00fcrd\u00fcrmek, buna ra\u011fmen ba\u015farmakt\u0131r. \u015eayet biz ge\u00e7mi\u015fte nicelerinin yapt\u0131\u011f\u0131 gibi \u00fclkemizin aya\u011f\u0131na tak\u0131lan prangalara, s\u0131rt\u0131na y\u00fcklenen kamburlara, ba\u015f\u0131na sar\u0131lan dertlere r\u0131za g\u00f6sterip sadece g\u00fcn\u00fc kurtarma pe\u015finde ko\u015fsayd\u0131k belki bu kadar h\u00fccuma maruz kalmazd\u0131k. Ama bu durumda milletimizin kar\u015f\u0131s\u0131na aln\u0131 ak, ba\u015f\u0131 dik, kalbi mutmain \u015fekilde \u00e7\u0131karak 2023 hedeflerimizden, 2053 vizyonumuzdan s\u00f6z edemezdik\u201d \u015feklinde konu\u015ftu.<\/p>\n<p>\u201cT\u00fcrkiye bug\u00fcn b\u00f6lgesinde ve d\u00fcnyada ya\u015fanan her krizde, her geli\u015fmede, siyasi, diplomatik, askeri, istihbari olarak g\u00f6zlerin d\u00f6nd\u00fc\u011f\u00fc, tavr\u0131n\u0131n beklendi\u011fi bir \u00fclke ise bunu s\u0131rt\u0131n\u0131 s\u00f6zde m\u00fcttefik, fiiliyatta k\u00f6stek g\u00fc\u00e7lere yaslamaya de\u011fil, kendi imkanlar\u0131na, kendi y\u00fcre\u011fine, kendi bile\u011fine bor\u00e7ludur\u201d a\u00e7\u0131klamas\u0131nda bulunan Erdo\u011fan, bug\u00fcnlere gelene kadar ya\u015fanan s\u0131k\u0131nt\u0131lar\u0131 anlatt\u0131. Erdo\u011fan, \u201cSon 3 y\u0131ld\u0131r ekonomide ya\u015fad\u0131\u011f\u0131m\u0131z dalgalanmalarla T\u00fcrkiye gemisini belki biraz sarst\u0131lar ama as\u0131l ama\u00e7lar\u0131na ula\u015famad\u0131lar. Serbest piyasa kurallar\u0131yla, k\u00fcresel ekonomi d\u00fczenlemeleriyle, ahlakla, vicdanla ilgisi olmayan her sald\u0131r\u0131y\u0131 gereken tedbirleri alarak, savunma mekanizmalar\u0131n\u0131 kurarak, s\u0131z\u0131nt\u0131lar\u0131 engelleyerek bertaraf ettik. Ge\u00e7ti\u011fimiz y\u0131l\u0131n son aylar\u0131nda ya\u015fanan kur dalgalanmas\u0131n\u0131n \u00f6n\u00fcne de bu \u015fekilde ge\u00e7tik. Bu arada ortaya \u00e7\u0131kan y\u00fcksek enflasyondan ve hayat pahal\u0131l\u0131\u011f\u0131ndan milletimizi koruyacak ad\u0131mlar\u0131 da birer birer at\u0131yoruz. Asgari \u00fccretten memur ve emekli maa\u015flar\u0131na kadar \u00e7al\u0131\u015fanlar\u0131n gelirlerinde yapt\u0131\u011f\u0131m\u0131z art\u0131\u015flar bu ad\u0131mlardan biridir. Enflasyondaki belli bir d\u00f6neme mahsus arzi y\u00fckseli\u015fin kamburunu maalesef bir m\u00fcddet s\u0131rt\u0131m\u0131zda ta\u015f\u0131mak mecburiyetinde kalaca\u011f\u0131z. \u0130n\u015fallah her yeni ay\u0131n daha \u00f6ncekinden iyi oldu\u011funu g\u00f6rece\u011fimiz bir d\u00f6neme girdik\u201d dedi.<\/p>\n<\/div>\n","protected":false},"excerpt":{"rendered":"<p>Cumhurba\u015fkan\u0131 Recep Tayyip Erdo\u011fan, \u201cVatanda\u015flar\u0131m\u0131z\u0131n elektrik faturalar\u0131n\u0131n iki kat, hatta \u00fc\u00e7 kat artt\u0131\u011f\u0131 y\u00f6n\u00fcndeki \u015fikayetleri \u00fczerine ilgili kurumlar\u0131m\u0131za elektrik tarifelerinin yeniden d\u00fczenlenmesi talimat\u0131n\u0131 verdik. Bu \u00e7er\u00e7evede en d\u00fc\u015f\u00fck tarifede g\u00fcnl\u00fck 5 kilovat olarak hesaplanan t\u00fcketim tutar\u0131n\u0131 7 kilovata, dolay\u0131s\u0131yla ayl\u0131k t\u00fcketimi de 150 kilovattan 210 kilovata \u00e7\u0131kart\u0131yoruz. \u015eubat ay\u0131nda sarf edilecek elektri\u011fin faturas\u0131 vatanda\u015flar\u0131m\u0131z lehine &hellip;<\/p>\n","protected":false},"author":1,"featured_media":1223,"comment_status":"open","ping_status":"open","sticky":false,"template":"","format":"standard","meta":{"footnotes":""},"categories":[25],"tags":[129,95,130,131,132],"class_list":["post-1222","post","type-post","status-publish","format-standard","has-post-thumbnail","hentry","category-siyaset","tag-cumhurbaskani","tag-elektrik","tag-kabine","tag-toplanti","tag-yeni-duzenleme"],"yoast_head":"<!-- This site is optimized with the Yoast SEO plugin v27.4 - https:\/\/yoast.com\/product\/yoast-seo-wordpress\/ -->\n<title>Cumhurba\u015fkan\u0131 Erdo\u011fan: &#039;Elektrik tarifelerini yeniden d\u00fczenledik&#039; - Ba\u015fakLife<\/title>\n<meta name=\"description\" content=\"Cumhurba\u015fkanl\u0131\u011f\u0131 Kabinesi Toplant\u0131s\u0131 sonras\u0131nda kameralar\u0131n kar\u015f\u0131s\u0131na ge\u00e7en Cumhurba\u015fkan\u0131 Erdo\u011fan, Adalet Bakanl\u0131\u011f\u0131 g\u00f6revindeki de\u011fi\u015fim, \u00fclke g\u00fcndemindeki konular ve ekonomik geli\u015fmelere ili\u015fkin konu\u015ftu.\" \/>\n<meta name=\"robots\" content=\"index, follow, max-snippet:-1, max-image-preview:large, max-video-preview:-1\" \/>\n<link rel=\"canonical\" href=\"http:\/\/www.basaklife.com\/index.php\/2022\/01\/31\/cumhurbaskani-erdogan-elektrik-tarifelerini-yeniden-duzenledik\/\" \/>\n<meta property=\"og:locale\" content=\"tr_TR\" \/>\n<meta property=\"og:type\" content=\"article\" \/>\n<meta property=\"og:title\" content=\"Cumhurba\u015fkan\u0131 Erdo\u011fan: &#039;Elektrik tarifelerini yeniden d\u00fczenledik&#039; - Ba\u015fakLife\" \/>\n<meta property=\"og:description\" content=\"Cumhurba\u015fkanl\u0131\u011f\u0131 Kabinesi Toplant\u0131s\u0131 sonras\u0131nda kameralar\u0131n kar\u015f\u0131s\u0131na ge\u00e7en Cumhurba\u015fkan\u0131 Erdo\u011fan, Adalet Bakanl\u0131\u011f\u0131 g\u00f6revindeki de\u011fi\u015fim, \u00fclke g\u00fcndemindeki konular ve ekonomik geli\u015fmelere ili\u015fkin konu\u015ftu.\" \/>\n<meta property=\"og:url\" content=\"http:\/\/www.basaklife.com\/index.php\/2022\/01\/31\/cumhurbaskani-erdogan-elektrik-tarifelerini-yeniden-duzenledik\/\" \/>\n<meta property=\"og:site_name\" content=\"Ba\u015fakLife\" \/>\n<meta property=\"article:published_time\" content=\"2022-01-31T19:30:23+00:00\" \/>\n<meta property=\"og:image\" content=\"http:\/\/www.basaklife.com\/wp-content\/uploads\/2022\/01\/cb.jpeg\" \/>\n\t<meta property=\"og:image:width\" content=\"1200\" \/>\n\t<meta property=\"og:image:height\" content=\"800\" \/>\n\t<meta property=\"og:image:type\" content=\"image\/jpeg\" \/>\n<meta name=\"author\" content=\"admin\" \/>\n<meta name=\"twitter:card\" content=\"summary_large_image\" \/>\n<meta name=\"twitter:label1\" content=\"Yazan:\" \/>\n\t<meta name=\"twitter:data1\" content=\"admin\" \/>\n\t<meta name=\"twitter:label2\" content=\"Tahmini okuma s\u00fcresi\" \/>\n\t<meta name=\"twitter:data2\" content=\"10 dakika\" \/>\n<script type=\"application\/ld+json\" class=\"yoast-schema-graph\">{\"@context\":\"https:\\\/\\\/schema.org\",\"@graph\":[{\"@type\":\"Article\",\"@id\":\"http:\\\/\\\/www.basaklife.com\\\/index.php\\\/2022\\\/01\\\/31\\\/cumhurbaskani-erdogan-elektrik-tarifelerini-yeniden-duzenledik\\\/#article\",\"isPartOf\":{\"@id\":\"http:\\\/\\\/www.basaklife.com\\\/index.php\\\/2022\\\/01\\\/31\\\/cumhurbaskani-erdogan-elektrik-tarifelerini-yeniden-duzenledik\\\/\"},\"author\":{\"name\":\"admin\",\"@id\":\"http:\\\/\\\/www.basaklife.com\\\/#\\\/schema\\\/person\\\/1437d699f9702c3c5a67bbe08d30981b\"},\"headline\":\"Cumhurba\u015fkan\u0131 Erdo\u011fan: &#8216;Elektrik tarifelerini yeniden d\u00fczenledik&#8217;\",\"datePublished\":\"2022-01-31T19:30:23+00:00\",\"mainEntityOfPage\":{\"@id\":\"http:\\\/\\\/www.basaklife.com\\\/index.php\\\/2022\\\/01\\\/31\\\/cumhurbaskani-erdogan-elektrik-tarifelerini-yeniden-duzenledik\\\/\"},\"wordCount\":2498,\"commentCount\":0,\"image\":{\"@id\":\"http:\\\/\\\/www.basaklife.com\\\/index.php\\\/2022\\\/01\\\/31\\\/cumhurbaskani-erdogan-elektrik-tarifelerini-yeniden-duzenledik\\\/#primaryimage\"},\"thumbnailUrl\":\"http:\\\/\\\/www.basaklife.com\\\/wp-content\\\/uploads\\\/2022\\\/01\\\/cb.jpeg\",\"keywords\":[\"cumhurba\u015fkan\u0131\",\"elektrik\",\"kabine\",\"toplant\u0131\",\"yeni d\u00fczenleme\"],\"articleSection\":[\"Siyaset\"],\"inLanguage\":\"tr\",\"potentialAction\":[{\"@type\":\"CommentAction\",\"name\":\"Comment\",\"target\":[\"http:\\\/\\\/www.basaklife.com\\\/index.php\\\/2022\\\/01\\\/31\\\/cumhurbaskani-erdogan-elektrik-tarifelerini-yeniden-duzenledik\\\/#respond\"]}]},{\"@type\":\"WebPage\",\"@id\":\"http:\\\/\\\/www.basaklife.com\\\/index.php\\\/2022\\\/01\\\/31\\\/cumhurbaskani-erdogan-elektrik-tarifelerini-yeniden-duzenledik\\\/\",\"url\":\"http:\\\/\\\/www.basaklife.com\\\/index.php\\\/2022\\\/01\\\/31\\\/cumhurbaskani-erdogan-elektrik-tarifelerini-yeniden-duzenledik\\\/\",\"name\":\"Cumhurba\u015fkan\u0131 Erdo\u011fan: 'Elektrik tarifelerini yeniden d\u00fczenledik' - Ba\u015fakLife\",\"isPartOf\":{\"@id\":\"http:\\\/\\\/www.basaklife.com\\\/#website\"},\"primaryImageOfPage\":{\"@id\":\"http:\\\/\\\/www.basaklife.com\\\/index.php\\\/2022\\\/01\\\/31\\\/cumhurbaskani-erdogan-elektrik-tarifelerini-yeniden-duzenledik\\\/#primaryimage\"},\"image\":{\"@id\":\"http:\\\/\\\/www.basaklife.com\\\/index.php\\\/2022\\\/01\\\/31\\\/cumhurbaskani-erdogan-elektrik-tarifelerini-yeniden-duzenledik\\\/#primaryimage\"},\"thumbnailUrl\":\"http:\\\/\\\/www.basaklife.com\\\/wp-content\\\/uploads\\\/2022\\\/01\\\/cb.jpeg\",\"datePublished\":\"2022-01-31T19:30:23+00:00\",\"author\":{\"@id\":\"http:\\\/\\\/www.basaklife.com\\\/#\\\/schema\\\/person\\\/1437d699f9702c3c5a67bbe08d30981b\"},\"description\":\"Cumhurba\u015fkanl\u0131\u011f\u0131 Kabinesi Toplant\u0131s\u0131 sonras\u0131nda kameralar\u0131n kar\u015f\u0131s\u0131na ge\u00e7en Cumhurba\u015fkan\u0131 Erdo\u011fan, Adalet Bakanl\u0131\u011f\u0131 g\u00f6revindeki de\u011fi\u015fim, \u00fclke g\u00fcndemindeki konular ve ekonomik geli\u015fmelere ili\u015fkin konu\u015ftu.\",\"breadcrumb\":{\"@id\":\"http:\\\/\\\/www.basaklife.com\\\/index.php\\\/2022\\\/01\\\/31\\\/cumhurbaskani-erdogan-elektrik-tarifelerini-yeniden-duzenledik\\\/#breadcrumb\"},\"inLanguage\":\"tr\",\"potentialAction\":[{\"@type\":\"ReadAction\",\"target\":[\"http:\\\/\\\/www.basaklife.com\\\/index.php\\\/2022\\\/01\\\/31\\\/cumhurbaskani-erdogan-elektrik-tarifelerini-yeniden-duzenledik\\\/\"]}]},{\"@type\":\"ImageObject\",\"inLanguage\":\"tr\",\"@id\":\"http:\\\/\\\/www.basaklife.com\\\/index.php\\\/2022\\\/01\\\/31\\\/cumhurbaskani-erdogan-elektrik-tarifelerini-yeniden-duzenledik\\\/#primaryimage\",\"url\":\"http:\\\/\\\/www.basaklife.com\\\/wp-content\\\/uploads\\\/2022\\\/01\\\/cb.jpeg\",\"contentUrl\":\"http:\\\/\\\/www.basaklife.com\\\/wp-content\\\/uploads\\\/2022\\\/01\\\/cb.jpeg\",\"width\":1200,\"height\":800},{\"@type\":\"BreadcrumbList\",\"@id\":\"http:\\\/\\\/www.basaklife.com\\\/index.php\\\/2022\\\/01\\\/31\\\/cumhurbaskani-erdogan-elektrik-tarifelerini-yeniden-duzenledik\\\/#breadcrumb\",\"itemListElement\":[{\"@type\":\"ListItem\",\"position\":1,\"name\":\"Home\",\"item\":\"http:\\\/\\\/www.basaklife.com\\\/\"},{\"@type\":\"ListItem\",\"position\":2,\"name\":\"Cumhurba\u015fkan\u0131 Erdo\u011fan: &#8216;Elektrik tarifelerini yeniden d\u00fczenledik&#8217;\"}]},{\"@type\":\"WebSite\",\"@id\":\"http:\\\/\\\/www.basaklife.com\\\/#website\",\"url\":\"http:\\\/\\\/www.basaklife.com\\\/\",\"name\":\"Ba\u015fakLife\",\"description\":\"Ya\u015fama Dair Her\u015fey\",\"potentialAction\":[{\"@type\":\"SearchAction\",\"target\":{\"@type\":\"EntryPoint\",\"urlTemplate\":\"http:\\\/\\\/www.basaklife.com\\\/?s={search_term_string}\"},\"query-input\":{\"@type\":\"PropertyValueSpecification\",\"valueRequired\":true,\"valueName\":\"search_term_string\"}}],\"inLanguage\":\"tr\"},{\"@type\":\"Person\",\"@id\":\"http:\\\/\\\/www.basaklife.com\\\/#\\\/schema\\\/person\\\/1437d699f9702c3c5a67bbe08d30981b\",\"name\":\"admin\",\"image\":{\"@type\":\"ImageObject\",\"inLanguage\":\"tr\",\"@id\":\"https:\\\/\\\/secure.gravatar.com\\\/avatar\\\/6035d6d61944ecc74f2c9f3e1a283b4da0ece0a47ee82cd0b5eab2c03ddc1000?s=96&d=mm&r=g\",\"url\":\"https:\\\/\\\/secure.gravatar.com\\\/avatar\\\/6035d6d61944ecc74f2c9f3e1a283b4da0ece0a47ee82cd0b5eab2c03ddc1000?s=96&d=mm&r=g\",\"contentUrl\":\"https:\\\/\\\/secure.gravatar.com\\\/avatar\\\/6035d6d61944ecc74f2c9f3e1a283b4da0ece0a47ee82cd0b5eab2c03ddc1000?s=96&d=mm&r=g\",\"caption\":\"admin\"},\"sameAs\":[\"http:\\\/\\\/www.basaklife.com\"],\"url\":\"http:\\\/\\\/www.basaklife.com\\\/index.php\\\/author\\\/admin\\\/\"}]}<\/script>\n<!-- \/ Yoast SEO plugin. -->","yoast_head_json":{"title":"Cumhurba\u015fkan\u0131 Erdo\u011fan: 'Elektrik tarifelerini yeniden d\u00fczenledik' - Ba\u015fakLife","description":"Cumhurba\u015fkanl\u0131\u011f\u0131 Kabinesi Toplant\u0131s\u0131 sonras\u0131nda kameralar\u0131n kar\u015f\u0131s\u0131na ge\u00e7en Cumhurba\u015fkan\u0131 Erdo\u011fan, Adalet Bakanl\u0131\u011f\u0131 g\u00f6revindeki de\u011fi\u015fim, \u00fclke g\u00fcndemindeki konular ve ekonomik geli\u015fmelere ili\u015fkin konu\u015ftu.","robots":{"index":"index","follow":"follow","max-snippet":"max-snippet:-1","max-image-preview":"max-image-preview:large","max-video-preview":"max-video-preview:-1"},"canonical":"http:\/\/www.basaklife.com\/index.php\/2022\/01\/31\/cumhurbaskani-erdogan-elektrik-tarifelerini-yeniden-duzenledik\/","og_locale":"tr_TR","og_type":"article","og_title":"Cumhurba\u015fkan\u0131 Erdo\u011fan: 'Elektrik tarifelerini yeniden d\u00fczenledik' - Ba\u015fakLife","og_description":"Cumhurba\u015fkanl\u0131\u011f\u0131 Kabinesi Toplant\u0131s\u0131 sonras\u0131nda kameralar\u0131n kar\u015f\u0131s\u0131na ge\u00e7en Cumhurba\u015fkan\u0131 Erdo\u011fan, Adalet Bakanl\u0131\u011f\u0131 g\u00f6revindeki de\u011fi\u015fim, \u00fclke g\u00fcndemindeki konular ve ekonomik geli\u015fmelere ili\u015fkin konu\u015ftu.","og_url":"http:\/\/www.basaklife.com\/index.php\/2022\/01\/31\/cumhurbaskani-erdogan-elektrik-tarifelerini-yeniden-duzenledik\/","og_site_name":"Ba\u015fakLife","article_published_time":"2022-01-31T19:30:23+00:00","og_image":[{"width":1200,"height":800,"url":"http:\/\/www.basaklife.com\/wp-content\/uploads\/2022\/01\/cb.jpeg","type":"image\/jpeg"}],"author":"admin","twitter_card":"summary_large_image","twitter_misc":{"Yazan:":"admin","Tahmini okuma s\u00fcresi":"10 dakika"},"schema":{"@context":"https:\/\/schema.org","@graph":[{"@type":"Article","@id":"http:\/\/www.basaklife.com\/index.php\/2022\/01\/31\/cumhurbaskani-erdogan-elektrik-tarifelerini-yeniden-duzenledik\/#article","isPartOf":{"@id":"http:\/\/www.basaklife.com\/index.php\/2022\/01\/31\/cumhurbaskani-erdogan-elektrik-tarifelerini-yeniden-duzenledik\/"},"author":{"name":"admin","@id":"http:\/\/www.basaklife.com\/#\/schema\/person\/1437d699f9702c3c5a67bbe08d30981b"},"headline":"Cumhurba\u015fkan\u0131 Erdo\u011fan: &#8216;Elektrik tarifelerini yeniden d\u00fczenledik&#8217;","datePublished":"2022-01-31T19:30:23+00:00","mainEntityOfPage":{"@id":"http:\/\/www.basaklife.com\/index.php\/2022\/01\/31\/cumhurbaskani-erdogan-elektrik-tarifelerini-yeniden-duzenledik\/"},"wordCount":2498,"commentCount":0,"image":{"@id":"http:\/\/www.basaklife.com\/index.php\/2022\/01\/31\/cumhurbaskani-erdogan-elektrik-tarifelerini-yeniden-duzenledik\/#primaryimage"},"thumbnailUrl":"http:\/\/www.basaklife.com\/wp-content\/uploads\/2022\/01\/cb.jpeg","keywords":["cumhurba\u015fkan\u0131","elektrik","kabine","toplant\u0131","yeni d\u00fczenleme"],"articleSection":["Siyaset"],"inLanguage":"tr","potentialAction":[{"@type":"CommentAction","name":"Comment","target":["http:\/\/www.basaklife.com\/index.php\/2022\/01\/31\/cumhurbaskani-erdogan-elektrik-tarifelerini-yeniden-duzenledik\/#respond"]}]},{"@type":"WebPage","@id":"http:\/\/www.basaklife.com\/index.php\/2022\/01\/31\/cumhurbaskani-erdogan-elektrik-tarifelerini-yeniden-duzenledik\/","url":"http:\/\/www.basaklife.com\/index.php\/2022\/01\/31\/cumhurbaskani-erdogan-elektrik-tarifelerini-yeniden-duzenledik\/","name":"Cumhurba\u015fkan\u0131 Erdo\u011fan: 'Elektrik tarifelerini yeniden d\u00fczenledik' - Ba\u015fakLife","isPartOf":{"@id":"http:\/\/www.basaklife.com\/#website"},"primaryImageOfPage":{"@id":"http:\/\/www.basaklife.com\/index.php\/2022\/01\/31\/cumhurbaskani-erdogan-elektrik-tarifelerini-yeniden-duzenledik\/#primaryimage"},"image":{"@id":"http:\/\/www.basaklife.com\/index.php\/2022\/01\/31\/cumhurbaskani-erdogan-elektrik-tarifelerini-yeniden-duzenledik\/#primaryimage"},"thumbnailUrl":"http:\/\/www.basaklife.com\/wp-content\/uploads\/2022\/01\/cb.jpeg","datePublished":"2022-01-31T19:30:23+00:00","author":{"@id":"http:\/\/www.basaklife.com\/#\/schema\/person\/1437d699f9702c3c5a67bbe08d30981b"},"description":"Cumhurba\u015fkanl\u0131\u011f\u0131 Kabinesi Toplant\u0131s\u0131 sonras\u0131nda kameralar\u0131n kar\u015f\u0131s\u0131na ge\u00e7en Cumhurba\u015fkan\u0131 Erdo\u011fan, Adalet Bakanl\u0131\u011f\u0131 g\u00f6revindeki de\u011fi\u015fim, \u00fclke g\u00fcndemindeki konular ve ekonomik geli\u015fmelere ili\u015fkin konu\u015ftu.","breadcrumb":{"@id":"http:\/\/www.basaklife.com\/index.php\/2022\/01\/31\/cumhurbaskani-erdogan-elektrik-tarifelerini-yeniden-duzenledik\/#breadcrumb"},"inLanguage":"tr","potentialAction":[{"@type":"ReadAction","target":["http:\/\/www.basaklife.com\/index.php\/2022\/01\/31\/cumhurbaskani-erdogan-elektrik-tarifelerini-yeniden-duzenledik\/"]}]},{"@type":"ImageObject","inLanguage":"tr","@id":"http:\/\/www.basaklife.com\/index.php\/2022\/01\/31\/cumhurbaskani-erdogan-elektrik-tarifelerini-yeniden-duzenledik\/#primaryimage","url":"http:\/\/www.basaklife.com\/wp-content\/uploads\/2022\/01\/cb.jpeg","contentUrl":"http:\/\/www.basaklife.com\/wp-content\/uploads\/2022\/01\/cb.jpeg","width":1200,"height":800},{"@type":"BreadcrumbList","@id":"http:\/\/www.basaklife.com\/index.php\/2022\/01\/31\/cumhurbaskani-erdogan-elektrik-tarifelerini-yeniden-duzenledik\/#breadcrumb","itemListElement":[{"@type":"ListItem","position":1,"name":"Home","item":"http:\/\/www.basaklife.com\/"},{"@type":"ListItem","position":2,"name":"Cumhurba\u015fkan\u0131 Erdo\u011fan: &#8216;Elektrik tarifelerini yeniden d\u00fczenledik&#8217;"}]},{"@type":"WebSite","@id":"http:\/\/www.basaklife.com\/#website","url":"http:\/\/www.basaklife.com\/","name":"Ba\u015fakLife","description":"Ya\u015fama Dair Her\u015fey","potentialAction":[{"@type":"SearchAction","target":{"@type":"EntryPoint","urlTemplate":"http:\/\/www.basaklife.com\/?s={search_term_string}"},"query-input":{"@type":"PropertyValueSpecification","valueRequired":true,"valueName":"search_term_string"}}],"inLanguage":"tr"},{"@type":"Person","@id":"http:\/\/www.basaklife.com\/#\/schema\/person\/1437d699f9702c3c5a67bbe08d30981b","name":"admin","image":{"@type":"ImageObject","inLanguage":"tr","@id":"https:\/\/secure.gravatar.com\/avatar\/6035d6d61944ecc74f2c9f3e1a283b4da0ece0a47ee82cd0b5eab2c03ddc1000?s=96&d=mm&r=g","url":"https:\/\/secure.gravatar.com\/avatar\/6035d6d61944ecc74f2c9f3e1a283b4da0ece0a47ee82cd0b5eab2c03ddc1000?s=96&d=mm&r=g","contentUrl":"https:\/\/secure.gravatar.com\/avatar\/6035d6d61944ecc74f2c9f3e1a283b4da0ece0a47ee82cd0b5eab2c03ddc1000?s=96&d=mm&r=g","caption":"admin"},"sameAs":["http:\/\/www.basaklife.com"],"url":"http:\/\/www.basaklife.com\/index.php\/author\/admin\/"}]}},"jetpack_featured_media_url":"http:\/\/www.basaklife.com\/wp-content\/uploads\/2022\/01\/cb.jpeg","amp_enabled":true,"_links":{"self":[{"href":"http:\/\/www.basaklife.com\/index.php\/wp-json\/wp\/v2\/posts\/1222","targetHints":{"allow":["GET"]}}],"collection":[{"href":"http:\/\/www.basaklife.com\/index.php\/wp-json\/wp\/v2\/posts"}],"about":[{"href":"http:\/\/www.basaklife.com\/index.php\/wp-json\/wp\/v2\/types\/post"}],"author":[{"embeddable":true,"href":"http:\/\/www.basaklife.com\/index.php\/wp-json\/wp\/v2\/users\/1"}],"replies":[{"embeddable":true,"href":"http:\/\/www.basaklife.com\/index.php\/wp-json\/wp\/v2\/comments?post=1222"}],"version-history":[{"count":1,"href":"http:\/\/www.basaklife.com\/index.php\/wp-json\/wp\/v2\/posts\/1222\/revisions"}],"predecessor-version":[{"id":1224,"href":"http:\/\/www.basaklife.com\/index.php\/wp-json\/wp\/v2\/posts\/1222\/revisions\/1224"}],"wp:featuredmedia":[{"embeddable":true,"href":"http:\/\/www.basaklife.com\/index.php\/wp-json\/wp\/v2\/media\/1223"}],"wp:attachment":[{"href":"http:\/\/www.basaklife.com\/index.php\/wp-json\/wp\/v2\/media?parent=1222"}],"wp:term":[{"taxonomy":"category","embeddable":true,"href":"http:\/\/www.basaklife.com\/index.php\/wp-json\/wp\/v2\/categories?post=1222"},{"taxonomy":"post_tag","embeddable":true,"href":"http:\/\/www.basaklife.com\/index.php\/wp-json\/wp\/v2\/tags?post=1222"}],"curies":[{"name":"wp","href":"https:\/\/api.w.org\/{rel}","templated":true}]}}