{"id":1292,"date":"2023-11-23T23:03:07","date_gmt":"2023-11-23T23:03:07","guid":{"rendered":"http:\/\/www.basaklife.com\/?p=1292"},"modified":"2023-11-24T12:03:27","modified_gmt":"2023-11-24T12:03:27","slug":"baskan-haci-surmeneli-gungoren-belediye-baskan-adayligi-icin-resmen-muracaat-etti","status":"publish","type":"post","link":"http:\/\/www.basaklife.com\/index.php\/2023\/11\/23\/baskan-haci-surmeneli-gungoren-belediye-baskan-adayligi-icin-resmen-muracaat-etti\/","title":{"rendered":"Ba\u015fkan Haci S\u00fcrmeneli G\u00fcng\u00f6ren Belediye Ba\u015fkan Adayl\u0131\u011f\u0131 i\u00e7in resmen m\u00fcracaat etti"},"content":{"rendered":"<p>2024 yerel se\u00e7imlerinin heyecan\u0131 ba\u015flarken aday adaylar\u0131 da tek tek se\u00e7im yar\u0131\u015f\u0131 i\u00e7in haz\u0131rlan\u0131yor. Ata Sporlar\u0131 konfederasyonu Genel Ba\u015fkan\u0131 ve \u0130stanbul G\u00fcng\u00f6ren Spor kul\u00fcp ba\u015fkan\u0131 olan Hac\u0131 S\u00fcrmeneli\u2019de Ak Partiden belediye ba\u015fkan aday adayl\u0131\u011f\u0131 m\u00fcracaat\u0131n\u0131 yapt\u0131. Belediye ba\u015fkanl\u0131k aday adayl\u0131\u011f\u0131 m\u00fcracaat\u0131n\u0131 Ak Parti \u0130l\u00e7e ba\u015fkanl\u0131\u011f\u0131na giderek yapan Belediye Ba\u015fkan Aday\u0131 Hac\u0131 S\u00fcrmeneli\u2019nin m\u00fcracaat\u0131n\u0131 \u0130l\u00e7e Ba\u015fkan Yard\u0131mc\u0131s\u0131 te\u015fkilat ba\u015fkan\u0131 Ayhan \u015eim\u015fek teslim ald\u0131. \u0130l\u00e7e sekreterya ba\u015fkan\u0131 \u00d6zge T\u00fcrk\u2019te bu \u00f6zel ana \u015fahitlik etti.<\/p>\n","protected":false},"excerpt":{"rendered":"<p>2024 yerel se\u00e7imlerinin heyecan\u0131 ba\u015flarken aday adaylar\u0131 da tek tek se\u00e7im yar\u0131\u015f\u0131 i\u00e7in haz\u0131rlan\u0131yor. Ata Sporlar\u0131 konfederasyonu Genel Ba\u015fkan\u0131 ve \u0130stanbul G\u00fcng\u00f6ren Spor kul\u00fcp ba\u015fkan\u0131 olan Hac\u0131 S\u00fcrmeneli\u2019de Ak Partiden belediye ba\u015fkan aday adayl\u0131\u011f\u0131 m\u00fcracaat\u0131n\u0131 yapt\u0131. Belediye ba\u015fkanl\u0131k aday adayl\u0131\u011f\u0131 m\u00fcracaat\u0131n\u0131 Ak Parti \u0130l\u00e7e ba\u015fkanl\u0131\u011f\u0131na giderek yapan Belediye Ba\u015fkan Aday\u0131 Hac\u0131 S\u00fcrmeneli\u2019nin m\u00fcracaat\u0131n\u0131 \u0130l\u00e7e Ba\u015fkan &hellip;<\/p>\n","protected":false},"author":1,"featured_media":1293,"comment_status":"open","ping_status":"open","sticky":false,"template":"","format":"standard","meta":{"footnotes":""},"categories":[25],"tags":[],"class_list":["post-1292","post","type-post","status-publish","format-standard","has-post-thumbnail","hentry","category-siyaset"],"yoast_head":"<!-- This site is optimized with the Yoast SEO plugin v27.5 - https:\/\/yoast.com\/product\/yoast-seo-wordpress\/ -->\n<title>Ba\u015fkan Haci S\u00fcrmeneli G\u00fcng\u00f6ren Belediye Ba\u015fkan Adayl\u0131\u011f\u0131 i\u00e7in resmen m\u00fcracaat etti - Ba\u015fakLife<\/title>\n<meta name=\"robots\" content=\"index, follow, max-snippet:-1, max-image-preview:large, max-video-preview:-1\" \/>\n<link rel=\"canonical\" href=\"http:\/\/www.basaklife.com\/index.php\/2023\/11\/23\/baskan-haci-surmeneli-gungoren-belediye-baskan-adayligi-icin-resmen-muracaat-etti\/\" \/>\n<meta property=\"og:locale\" content=\"tr_TR\" \/>\n<meta property=\"og:type\" content=\"article\" \/>\n<meta property=\"og:title\" content=\"Ba\u015fkan Haci S\u00fcrmeneli G\u00fcng\u00f6ren Belediye Ba\u015fkan Adayl\u0131\u011f\u0131 i\u00e7in resmen m\u00fcracaat etti - Ba\u015fakLife\" \/>\n<meta property=\"og:description\" content=\"2024 yerel se\u00e7imlerinin heyecan\u0131 ba\u015flarken aday adaylar\u0131 da tek tek se\u00e7im yar\u0131\u015f\u0131 i\u00e7in haz\u0131rlan\u0131yor. Ata Sporlar\u0131 konfederasyonu Genel Ba\u015fkan\u0131 ve \u0130stanbul G\u00fcng\u00f6ren Spor kul\u00fcp ba\u015fkan\u0131 olan Hac\u0131 S\u00fcrmeneli\u2019de Ak Partiden belediye ba\u015fkan aday adayl\u0131\u011f\u0131 m\u00fcracaat\u0131n\u0131 yapt\u0131. Belediye ba\u015fkanl\u0131k aday adayl\u0131\u011f\u0131 m\u00fcracaat\u0131n\u0131 Ak Parti \u0130l\u00e7e ba\u015fkanl\u0131\u011f\u0131na giderek yapan Belediye Ba\u015fkan Aday\u0131 Hac\u0131 S\u00fcrmeneli\u2019nin m\u00fcracaat\u0131n\u0131 \u0130l\u00e7e Ba\u015fkan &hellip;\" \/>\n<meta property=\"og:url\" content=\"http:\/\/www.basaklife.com\/index.php\/2023\/11\/23\/baskan-haci-surmeneli-gungoren-belediye-baskan-adayligi-icin-resmen-muracaat-etti\/\" \/>\n<meta property=\"og:site_name\" content=\"Ba\u015fakLife\" \/>\n<meta property=\"article:published_time\" content=\"2023-11-23T23:03:07+00:00\" \/>\n<meta property=\"article:modified_time\" content=\"2023-11-24T12:03:27+00:00\" \/>\n<meta property=\"og:image\" content=\"http:\/\/www.basaklife.com\/wp-content\/uploads\/2023\/11\/baskan-haci-surmeneli-gungoren-belediye-baskan-aday-adayligi-icin-resmen-muracaat-etti.jpg\" \/>\n\t<meta property=\"og:image:width\" content=\"641\" \/>\n\t<meta property=\"og:image:height\" content=\"380\" \/>\n\t<meta property=\"og:image:type\" content=\"image\/jpeg\" \/>\n<meta name=\"author\" content=\"admin\" \/>\n<meta name=\"twitter:card\" content=\"summary_large_image\" \/>\n<meta name=\"twitter:label1\" content=\"Yazan:\" \/>\n\t<meta name=\"twitter:data1\" content=\"admin\" \/>\n\t<meta name=\"twitter:label2\" content=\"Tahmini okuma s\u00fcresi\" \/>\n\t<meta name=\"twitter:data2\" content=\"1 dakika\" \/>\n<script type=\"application\/ld+json\" class=\"yoast-schema-graph\">{\"@context\":\"https:\\\/\\\/schema.org\",\"@graph\":[{\"@type\":\"Article\",\"@id\":\"http:\\\/\\\/www.basaklife.com\\\/index.php\\\/2023\\\/11\\\/23\\\/baskan-haci-surmeneli-gungoren-belediye-baskan-adayligi-icin-resmen-muracaat-etti\\\/#article\",\"isPartOf\":{\"@id\":\"http:\\\/\\\/www.basaklife.com\\\/index.php\\\/2023\\\/11\\\/23\\\/baskan-haci-surmeneli-gungoren-belediye-baskan-adayligi-icin-resmen-muracaat-etti\\\/\"},\"author\":{\"name\":\"admin\",\"@id\":\"http:\\\/\\\/www.basaklife.com\\\/#\\\/schema\\\/person\\\/1437d699f9702c3c5a67bbe08d30981b\"},\"headline\":\"Ba\u015fkan Haci S\u00fcrmeneli G\u00fcng\u00f6ren Belediye Ba\u015fkan Adayl\u0131\u011f\u0131 i\u00e7in resmen m\u00fcracaat etti\",\"datePublished\":\"2023-11-23T23:03:07+00:00\",\"dateModified\":\"2023-11-24T12:03:27+00:00\",\"mainEntityOfPage\":{\"@id\":\"http:\\\/\\\/www.basaklife.com\\\/index.php\\\/2023\\\/11\\\/23\\\/baskan-haci-surmeneli-gungoren-belediye-baskan-adayligi-icin-resmen-muracaat-etti\\\/\"},\"wordCount\":128,\"commentCount\":0,\"image\":{\"@id\":\"http:\\\/\\\/www.basaklife.com\\\/index.php\\\/2023\\\/11\\\/23\\\/baskan-haci-surmeneli-gungoren-belediye-baskan-adayligi-icin-resmen-muracaat-etti\\\/#primaryimage\"},\"thumbnailUrl\":\"http:\\\/\\\/www.basaklife.com\\\/wp-content\\\/uploads\\\/2023\\\/11\\\/baskan-haci-surmeneli-gungoren-belediye-baskan-aday-adayligi-icin-resmen-muracaat-etti.jpg\",\"articleSection\":[\"Siyaset\"],\"inLanguage\":\"tr\",\"potentialAction\":[{\"@type\":\"CommentAction\",\"name\":\"Comment\",\"target\":[\"http:\\\/\\\/www.basaklife.com\\\/index.php\\\/2023\\\/11\\\/23\\\/baskan-haci-surmeneli-gungoren-belediye-baskan-adayligi-icin-resmen-muracaat-etti\\\/#respond\"]}]},{\"@type\":\"WebPage\",\"@id\":\"http:\\\/\\\/www.basaklife.com\\\/index.php\\\/2023\\\/11\\\/23\\\/baskan-haci-surmeneli-gungoren-belediye-baskan-adayligi-icin-resmen-muracaat-etti\\\/\",\"url\":\"http:\\\/\\\/www.basaklife.com\\\/index.php\\\/2023\\\/11\\\/23\\\/baskan-haci-surmeneli-gungoren-belediye-baskan-adayligi-icin-resmen-muracaat-etti\\\/\",\"name\":\"Ba\u015fkan Haci S\u00fcrmeneli G\u00fcng\u00f6ren Belediye Ba\u015fkan Adayl\u0131\u011f\u0131 i\u00e7in resmen m\u00fcracaat etti - Ba\u015fakLife\",\"isPartOf\":{\"@id\":\"http:\\\/\\\/www.basaklife.com\\\/#website\"},\"primaryImageOfPage\":{\"@id\":\"http:\\\/\\\/www.basaklife.com\\\/index.php\\\/2023\\\/11\\\/23\\\/baskan-haci-surmeneli-gungoren-belediye-baskan-adayligi-icin-resmen-muracaat-etti\\\/#primaryimage\"},\"image\":{\"@id\":\"http:\\\/\\\/www.basaklife.com\\\/index.php\\\/2023\\\/11\\\/23\\\/baskan-haci-surmeneli-gungoren-belediye-baskan-adayligi-icin-resmen-muracaat-etti\\\/#primaryimage\"},\"thumbnailUrl\":\"http:\\\/\\\/www.basaklife.com\\\/wp-content\\\/uploads\\\/2023\\\/11\\\/baskan-haci-surmeneli-gungoren-belediye-baskan-aday-adayligi-icin-resmen-muracaat-etti.jpg\",\"datePublished\":\"2023-11-23T23:03:07+00:00\",\"dateModified\":\"2023-11-24T12:03:27+00:00\",\"author\":{\"@id\":\"http:\\\/\\\/www.basaklife.com\\\/#\\\/schema\\\/person\\\/1437d699f9702c3c5a67bbe08d30981b\"},\"breadcrumb\":{\"@id\":\"http:\\\/\\\/www.basaklife.com\\\/index.php\\\/2023\\\/11\\\/23\\\/baskan-haci-surmeneli-gungoren-belediye-baskan-adayligi-icin-resmen-muracaat-etti\\\/#breadcrumb\"},\"inLanguage\":\"tr\",\"potentialAction\":[{\"@type\":\"ReadAction\",\"target\":[\"http:\\\/\\\/www.basaklife.com\\\/index.php\\\/2023\\\/11\\\/23\\\/baskan-haci-surmeneli-gungoren-belediye-baskan-adayligi-icin-resmen-muracaat-etti\\\/\"]}]},{\"@type\":\"ImageObject\",\"inLanguage\":\"tr\",\"@id\":\"http:\\\/\\\/www.basaklife.com\\\/index.php\\\/2023\\\/11\\\/23\\\/baskan-haci-surmeneli-gungoren-belediye-baskan-adayligi-icin-resmen-muracaat-etti\\\/#primaryimage\",\"url\":\"http:\\\/\\\/www.basaklife.com\\\/wp-content\\\/uploads\\\/2023\\\/11\\\/baskan-haci-surmeneli-gungoren-belediye-baskan-aday-adayligi-icin-resmen-muracaat-etti.jpg\",\"contentUrl\":\"http:\\\/\\\/www.basaklife.com\\\/wp-content\\\/uploads\\\/2023\\\/11\\\/baskan-haci-surmeneli-gungoren-belediye-baskan-aday-adayligi-icin-resmen-muracaat-etti.jpg\",\"width\":641,\"height\":380},{\"@type\":\"BreadcrumbList\",\"@id\":\"http:\\\/\\\/www.basaklife.com\\\/index.php\\\/2023\\\/11\\\/23\\\/baskan-haci-surmeneli-gungoren-belediye-baskan-adayligi-icin-resmen-muracaat-etti\\\/#breadcrumb\",\"itemListElement\":[{\"@type\":\"ListItem\",\"position\":1,\"name\":\"Home\",\"item\":\"http:\\\/\\\/www.basaklife.com\\\/\"},{\"@type\":\"ListItem\",\"position\":2,\"name\":\"Ba\u015fkan Haci S\u00fcrmeneli G\u00fcng\u00f6ren Belediye Ba\u015fkan Adayl\u0131\u011f\u0131 i\u00e7in resmen m\u00fcracaat etti\"}]},{\"@type\":\"WebSite\",\"@id\":\"http:\\\/\\\/www.basaklife.com\\\/#website\",\"url\":\"http:\\\/\\\/www.basaklife.com\\\/\",\"name\":\"Ba\u015fakLife\",\"description\":\"Ya\u015fama Dair Her\u015fey\",\"potentialAction\":[{\"@type\":\"SearchAction\",\"target\":{\"@type\":\"EntryPoint\",\"urlTemplate\":\"http:\\\/\\\/www.basaklife.com\\\/?s={search_term_string}\"},\"query-input\":{\"@type\":\"PropertyValueSpecification\",\"valueRequired\":true,\"valueName\":\"search_term_string\"}}],\"inLanguage\":\"tr\"},{\"@type\":\"Person\",\"@id\":\"http:\\\/\\\/www.basaklife.com\\\/#\\\/schema\\\/person\\\/1437d699f9702c3c5a67bbe08d30981b\",\"name\":\"admin\",\"image\":{\"@type\":\"ImageObject\",\"inLanguage\":\"tr\",\"@id\":\"https:\\\/\\\/secure.gravatar.com\\\/avatar\\\/6035d6d61944ecc74f2c9f3e1a283b4da0ece0a47ee82cd0b5eab2c03ddc1000?s=96&d=mm&r=g\",\"url\":\"https:\\\/\\\/secure.gravatar.com\\\/avatar\\\/6035d6d61944ecc74f2c9f3e1a283b4da0ece0a47ee82cd0b5eab2c03ddc1000?s=96&d=mm&r=g\",\"contentUrl\":\"https:\\\/\\\/secure.gravatar.com\\\/avatar\\\/6035d6d61944ecc74f2c9f3e1a283b4da0ece0a47ee82cd0b5eab2c03ddc1000?s=96&d=mm&r=g\",\"caption\":\"admin\"},\"sameAs\":[\"http:\\\/\\\/www.basaklife.com\"],\"url\":\"http:\\\/\\\/www.basaklife.com\\\/index.php\\\/author\\\/admin\\\/\"}]}<\/script>\n<!-- \/ Yoast SEO plugin. -->","yoast_head_json":{"title":"Ba\u015fkan Haci S\u00fcrmeneli G\u00fcng\u00f6ren Belediye Ba\u015fkan Adayl\u0131\u011f\u0131 i\u00e7in resmen m\u00fcracaat etti - Ba\u015fakLife","robots":{"index":"index","follow":"follow","max-snippet":"max-snippet:-1","max-image-preview":"max-image-preview:large","max-video-preview":"max-video-preview:-1"},"canonical":"http:\/\/www.basaklife.com\/index.php\/2023\/11\/23\/baskan-haci-surmeneli-gungoren-belediye-baskan-adayligi-icin-resmen-muracaat-etti\/","og_locale":"tr_TR","og_type":"article","og_title":"Ba\u015fkan Haci S\u00fcrmeneli G\u00fcng\u00f6ren Belediye Ba\u015fkan Adayl\u0131\u011f\u0131 i\u00e7in resmen m\u00fcracaat etti - Ba\u015fakLife","og_description":"2024 yerel se\u00e7imlerinin heyecan\u0131 ba\u015flarken aday adaylar\u0131 da tek tek se\u00e7im yar\u0131\u015f\u0131 i\u00e7in haz\u0131rlan\u0131yor. Ata Sporlar\u0131 konfederasyonu Genel Ba\u015fkan\u0131 ve \u0130stanbul G\u00fcng\u00f6ren Spor kul\u00fcp ba\u015fkan\u0131 olan Hac\u0131 S\u00fcrmeneli\u2019de Ak Partiden belediye ba\u015fkan aday adayl\u0131\u011f\u0131 m\u00fcracaat\u0131n\u0131 yapt\u0131. Belediye ba\u015fkanl\u0131k aday adayl\u0131\u011f\u0131 m\u00fcracaat\u0131n\u0131 Ak Parti \u0130l\u00e7e ba\u015fkanl\u0131\u011f\u0131na giderek yapan Belediye Ba\u015fkan Aday\u0131 Hac\u0131 S\u00fcrmeneli\u2019nin m\u00fcracaat\u0131n\u0131 \u0130l\u00e7e Ba\u015fkan &hellip;","og_url":"http:\/\/www.basaklife.com\/index.php\/2023\/11\/23\/baskan-haci-surmeneli-gungoren-belediye-baskan-adayligi-icin-resmen-muracaat-etti\/","og_site_name":"Ba\u015fakLife","article_published_time":"2023-11-23T23:03:07+00:00","article_modified_time":"2023-11-24T12:03:27+00:00","og_image":[{"width":641,"height":380,"url":"http:\/\/www.basaklife.com\/wp-content\/uploads\/2023\/11\/baskan-haci-surmeneli-gungoren-belediye-baskan-aday-adayligi-icin-resmen-muracaat-etti.jpg","type":"image\/jpeg"}],"author":"admin","twitter_card":"summary_large_image","twitter_misc":{"Yazan:":"admin","Tahmini okuma s\u00fcresi":"1 dakika"},"schema":{"@context":"https:\/\/schema.org","@graph":[{"@type":"Article","@id":"http:\/\/www.basaklife.com\/index.php\/2023\/11\/23\/baskan-haci-surmeneli-gungoren-belediye-baskan-adayligi-icin-resmen-muracaat-etti\/#article","isPartOf":{"@id":"http:\/\/www.basaklife.com\/index.php\/2023\/11\/23\/baskan-haci-surmeneli-gungoren-belediye-baskan-adayligi-icin-resmen-muracaat-etti\/"},"author":{"name":"admin","@id":"http:\/\/www.basaklife.com\/#\/schema\/person\/1437d699f9702c3c5a67bbe08d30981b"},"headline":"Ba\u015fkan Haci S\u00fcrmeneli G\u00fcng\u00f6ren Belediye Ba\u015fkan Adayl\u0131\u011f\u0131 i\u00e7in resmen m\u00fcracaat etti","datePublished":"2023-11-23T23:03:07+00:00","dateModified":"2023-11-24T12:03:27+00:00","mainEntityOfPage":{"@id":"http:\/\/www.basaklife.com\/index.php\/2023\/11\/23\/baskan-haci-surmeneli-gungoren-belediye-baskan-adayligi-icin-resmen-muracaat-etti\/"},"wordCount":128,"commentCount":0,"image":{"@id":"http:\/\/www.basaklife.com\/index.php\/2023\/11\/23\/baskan-haci-surmeneli-gungoren-belediye-baskan-adayligi-icin-resmen-muracaat-etti\/#primaryimage"},"thumbnailUrl":"http:\/\/www.basaklife.com\/wp-content\/uploads\/2023\/11\/baskan-haci-surmeneli-gungoren-belediye-baskan-aday-adayligi-icin-resmen-muracaat-etti.jpg","articleSection":["Siyaset"],"inLanguage":"tr","potentialAction":[{"@type":"CommentAction","name":"Comment","target":["http:\/\/www.basaklife.com\/index.php\/2023\/11\/23\/baskan-haci-surmeneli-gungoren-belediye-baskan-adayligi-icin-resmen-muracaat-etti\/#respond"]}]},{"@type":"WebPage","@id":"http:\/\/www.basaklife.com\/index.php\/2023\/11\/23\/baskan-haci-surmeneli-gungoren-belediye-baskan-adayligi-icin-resmen-muracaat-etti\/","url":"http:\/\/www.basaklife.com\/index.php\/2023\/11\/23\/baskan-haci-surmeneli-gungoren-belediye-baskan-adayligi-icin-resmen-muracaat-etti\/","name":"Ba\u015fkan Haci S\u00fcrmeneli G\u00fcng\u00f6ren Belediye Ba\u015fkan Adayl\u0131\u011f\u0131 i\u00e7in resmen m\u00fcracaat etti - Ba\u015fakLife","isPartOf":{"@id":"http:\/\/www.basaklife.com\/#website"},"primaryImageOfPage":{"@id":"http:\/\/www.basaklife.com\/index.php\/2023\/11\/23\/baskan-haci-surmeneli-gungoren-belediye-baskan-adayligi-icin-resmen-muracaat-etti\/#primaryimage"},"image":{"@id":"http:\/\/www.basaklife.com\/index.php\/2023\/11\/23\/baskan-haci-surmeneli-gungoren-belediye-baskan-adayligi-icin-resmen-muracaat-etti\/#primaryimage"},"thumbnailUrl":"http:\/\/www.basaklife.com\/wp-content\/uploads\/2023\/11\/baskan-haci-surmeneli-gungoren-belediye-baskan-aday-adayligi-icin-resmen-muracaat-etti.jpg","datePublished":"2023-11-23T23:03:07+00:00","dateModified":"2023-11-24T12:03:27+00:00","author":{"@id":"http:\/\/www.basaklife.com\/#\/schema\/person\/1437d699f9702c3c5a67bbe08d30981b"},"breadcrumb":{"@id":"http:\/\/www.basaklife.com\/index.php\/2023\/11\/23\/baskan-haci-surmeneli-gungoren-belediye-baskan-adayligi-icin-resmen-muracaat-etti\/#breadcrumb"},"inLanguage":"tr","potentialAction":[{"@type":"ReadAction","target":["http:\/\/www.basaklife.com\/index.php\/2023\/11\/23\/baskan-haci-surmeneli-gungoren-belediye-baskan-adayligi-icin-resmen-muracaat-etti\/"]}]},{"@type":"ImageObject","inLanguage":"tr","@id":"http:\/\/www.basaklife.com\/index.php\/2023\/11\/23\/baskan-haci-surmeneli-gungoren-belediye-baskan-adayligi-icin-resmen-muracaat-etti\/#primaryimage","url":"http:\/\/www.basaklife.com\/wp-content\/uploads\/2023\/11\/baskan-haci-surmeneli-gungoren-belediye-baskan-aday-adayligi-icin-resmen-muracaat-etti.jpg","contentUrl":"http:\/\/www.basaklife.com\/wp-content\/uploads\/2023\/11\/baskan-haci-surmeneli-gungoren-belediye-baskan-aday-adayligi-icin-resmen-muracaat-etti.jpg","width":641,"height":380},{"@type":"BreadcrumbList","@id":"http:\/\/www.basaklife.com\/index.php\/2023\/11\/23\/baskan-haci-surmeneli-gungoren-belediye-baskan-adayligi-icin-resmen-muracaat-etti\/#breadcrumb","itemListElement":[{"@type":"ListItem","position":1,"name":"Home","item":"http:\/\/www.basaklife.com\/"},{"@type":"ListItem","position":2,"name":"Ba\u015fkan Haci S\u00fcrmeneli G\u00fcng\u00f6ren Belediye Ba\u015fkan Adayl\u0131\u011f\u0131 i\u00e7in resmen m\u00fcracaat etti"}]},{"@type":"WebSite","@id":"http:\/\/www.basaklife.com\/#website","url":"http:\/\/www.basaklife.com\/","name":"Ba\u015fakLife","description":"Ya\u015fama Dair Her\u015fey","potentialAction":[{"@type":"SearchAction","target":{"@type":"EntryPoint","urlTemplate":"http:\/\/www.basaklife.com\/?s={search_term_string}"},"query-input":{"@type":"PropertyValueSpecification","valueRequired":true,"valueName":"search_term_string"}}],"inLanguage":"tr"},{"@type":"Person","@id":"http:\/\/www.basaklife.com\/#\/schema\/person\/1437d699f9702c3c5a67bbe08d30981b","name":"admin","image":{"@type":"ImageObject","inLanguage":"tr","@id":"https:\/\/secure.gravatar.com\/avatar\/6035d6d61944ecc74f2c9f3e1a283b4da0ece0a47ee82cd0b5eab2c03ddc1000?s=96&d=mm&r=g","url":"https:\/\/secure.gravatar.com\/avatar\/6035d6d61944ecc74f2c9f3e1a283b4da0ece0a47ee82cd0b5eab2c03ddc1000?s=96&d=mm&r=g","contentUrl":"https:\/\/secure.gravatar.com\/avatar\/6035d6d61944ecc74f2c9f3e1a283b4da0ece0a47ee82cd0b5eab2c03ddc1000?s=96&d=mm&r=g","caption":"admin"},"sameAs":["http:\/\/www.basaklife.com"],"url":"http:\/\/www.basaklife.com\/index.php\/author\/admin\/"}]}},"jetpack_featured_media_url":"http:\/\/www.basaklife.com\/wp-content\/uploads\/2023\/11\/baskan-haci-surmeneli-gungoren-belediye-baskan-aday-adayligi-icin-resmen-muracaat-etti.jpg","amp_enabled":true,"_links":{"self":[{"href":"http:\/\/www.basaklife.com\/index.php\/wp-json\/wp\/v2\/posts\/1292","targetHints":{"allow":["GET"]}}],"collection":[{"href":"http:\/\/www.basaklife.com\/index.php\/wp-json\/wp\/v2\/posts"}],"about":[{"href":"http:\/\/www.basaklife.com\/index.php\/wp-json\/wp\/v2\/types\/post"}],"author":[{"embeddable":true,"href":"http:\/\/www.basaklife.com\/index.php\/wp-json\/wp\/v2\/users\/1"}],"replies":[{"embeddable":true,"href":"http:\/\/www.basaklife.com\/index.php\/wp-json\/wp\/v2\/comments?post=1292"}],"version-history":[{"count":1,"href":"http:\/\/www.basaklife.com\/index.php\/wp-json\/wp\/v2\/posts\/1292\/revisions"}],"predecessor-version":[{"id":1294,"href":"http:\/\/www.basaklife.com\/index.php\/wp-json\/wp\/v2\/posts\/1292\/revisions\/1294"}],"wp:featuredmedia":[{"embeddable":true,"href":"http:\/\/www.basaklife.com\/index.php\/wp-json\/wp\/v2\/media\/1293"}],"wp:attachment":[{"href":"http:\/\/www.basaklife.com\/index.php\/wp-json\/wp\/v2\/media?parent=1292"}],"wp:term":[{"taxonomy":"category","embeddable":true,"href":"http:\/\/www.basaklife.com\/index.php\/wp-json\/wp\/v2\/categories?post=1292"},{"taxonomy":"post_tag","embeddable":true,"href":"http:\/\/www.basaklife.com\/index.php\/wp-json\/wp\/v2\/tags?post=1292"}],"curies":[{"name":"wp","href":"https:\/\/api.w.org\/{rel}","templated":true}]}}