{"id":1466,"date":"2026-02-25T15:03:16","date_gmt":"2026-02-25T15:03:16","guid":{"rendered":"http:\/\/www.basaklife.com\/?p=1466"},"modified":"2026-02-25T15:03:16","modified_gmt":"2026-02-25T15:03:16","slug":"miras-kavgasinda-2-raund","status":"publish","type":"post","link":"http:\/\/www.basaklife.com\/index.php\/2026\/02\/25\/miras-kavgasinda-2-raund\/","title":{"rendered":"Miras Kavgas\u0131nda 2. Raund"},"content":{"rendered":"<p dir=\"ltr\">Hukuki s\u00fcre\u00e7, Abdullah Acar\u2019\u0131n \u00e7ocuklar\u0131n\u0131n<strong> Beykoz Cumhuriyet Ba\u015fsavc\u0131l\u0131\u011f<\/strong>\u0131\u2019na yapt\u0131\u011f\u0131 \u015fikayetle ba\u015flam\u0131\u015ft\u0131. \u00c7ocuklar\u0131, babalar\u0131n\u0131n kendisinden 32 ya\u015f k\u00fc\u00e7\u00fck olan asistan\u0131 Derya G\u00fcm\u00fc\u015f ile evlenmesine kar\u015f\u0131 \u00e7\u0131karak;\u00a0<strong>&#8220;Derya G\u00fcm\u00fc\u015f babam\u0131z\u0131 zorla ka\u00e7\u0131rarak mirastan pay almak ad\u0131na evlenmi\u015ftir. Babam\u0131z Alzheimer hastas\u0131d\u0131r&#8221;<\/strong> iddias\u0131nda bulunmu\u015ftu.<\/p>\n<p dir=\"ltr\">Abdullah Acar ise ifadesinde bu iddialar\u0131 reddederek,\u00a0<strong>&#8220;Alzheimer hastas\u0131 de\u011filim. Birbirimizi sevdik, bir y\u0131l kadar \u00f6nce resmi nikah k\u0131yarak evlendik. \u00c7ocuklar\u0131m\u0131n dertleri, miras\u0131mla ilgilidir&#8221;<\/strong> \u015feklinde savunma yapm\u0131\u015ft\u0131.<\/p>\n<h2>\u015eirket Y\u00f6neticilerinden \u2018Usuls\u00fcz \u0130\u015flem\u2019 Dilek\u00e7esi<\/h2>\n<div class=\"google-auto-placed ap_container\"><\/div>\n<p>S\u00fcrecin devam\u0131nda sa\u011fl\u0131k sorunlar\u0131 gerek\u00e7esiyle mahkeme taraf\u0131ndan k\u0131s\u0131tlanan Abdullah Acar\u2019a, <strong>o\u011flu H\u00fcseyin Cemal Acar<\/strong> <strong>vasi olarak atanm\u0131\u015ft\u0131.<\/strong> Ancak yarg\u0131 s\u00fcrecinin son a\u015famas\u0131nda, Acar\u2019a ait \u015firketlerin genel m\u00fcd\u00fcrleri ve y\u00f6netim kurulu \u00fcyeleri mahkemeye ba\u015fvurarak \u00e7arp\u0131c\u0131 iddialar\u0131 g\u00fcn y\u00fcz\u00fcne \u00e7\u0131kard\u0131. Sunulan dilek\u00e7elerde, vasi H\u00fcseyin Cemal Acar ve k\u0131z\u0131 Mine Acar\u2019\u0131n babalar\u0131na ait mal varl\u0131\u011f\u0131 \u00fczerinde<strong> k\u00f6t\u00fc y\u00f6netim sergileyerek ciddi zararlara yol a\u00e7t\u0131klar\u0131<\/strong> \u00f6ne s\u00fcr\u00fcld\u00fc. \u015eirket y\u00f6neticileri, vasilik g\u00f6revini k\u00f6t\u00fcye kullanarak ger\u00e7ekle\u015ftirilen usuls\u00fcz i\u015flemler nedeniyle mal varl\u0131\u011f\u0131nda b\u00fcy\u00fck bir azalma ya\u015fand\u0131\u011f\u0131n\u0131 ve bu durumun<strong> i\u015f insan\u0131n\u0131n ekonomik gelece\u011fini tehlikeye att\u0131\u011f\u0131n\u0131 <\/strong>mahkeme kay\u0131tlar\u0131na ge\u00e7irdi.<\/p>\n<h2>Mahkemenin &#8216;Vasilik \u0130ptali&#8217; Gerek\u00e7esi<\/h2>\n<p>Dosyay\u0131 titizlikle inceleyen mahkeme, H\u00fcseyin Cemal Acar\u2019\u0131n vasilik g\u00f6revini \u00e7arp\u0131c\u0131 gerek\u00e7elerle sonland\u0131rd\u0131. Kararda, Abdullah Acar\u2019\u0131n ya\u015fad\u0131\u011f\u0131 konutun g\u00fcvenlik ve asans\u00f6r bak\u0131m\u0131 gibi<strong> temel rutin hizmetlerinin aksat\u0131ld\u0131\u011f\u0131<\/strong>, hizmet veren firmalar\u0131n bu ihmaller nedeniyle bizzat mahkemeye \u015fikayet dilek\u00e7esi sundu\u011fu belirtildi. Ekonomik boyutta ise Abdullah Acar\u2019\u0131n %88 hissesine sahip oldu\u011fu <strong>Acar Faktoring A\u015e<\/strong> y\u00f6neticilerinin beyanlar\u0131 belirleyici oldu. \u015eirket y\u00f6netimi;<strong> vasinin sorumluluklar\u0131n\u0131 yerine getirmedi\u011fini, mal varl\u0131\u011f\u0131nda ciddi bir azalmaya sebebiyet verdi\u011fini<\/strong> ve yap\u0131lan t\u00fcm <strong>uyar\u0131lara ra\u011fmen<\/strong> <strong>hi\u00e7bir \u00f6nlem almad\u0131\u011f\u0131n\u0131 <\/strong>mahkemeye bildirdi. Mahkeme, mevcut durumun devam etmesi halinde i\u015f insan\u0131n\u0131n telafisi g\u00fc\u00e7 ve ciddi bir ekonomik zarara u\u011frayaca\u011f\u0131 kanaatine vararak<strong> tedbir karar\u0131<\/strong> ald\u0131.<\/p>\n<h2>Ba\u011f\u0131ms\u0131z Heyet D\u00f6nemi Ba\u015flad\u0131<\/h2>\n<p>Mahkeme, ticari s\u00fcrecin akamete u\u011framamas\u0131 ve Abdullah Acar\u2019\u0131n daha fazla maddi kay\u0131p ya\u015famamas\u0131 ad\u0131na<strong> ba\u011f\u0131ms\u0131z ge\u00e7ici vasi heyeti kurulmas\u0131na h\u00fckmetti.<\/strong> Bu karar do\u011frultusunda, hukuki s\u00fcreci y\u00f6netmek \u00fczere bir <strong>avukat <\/strong>ve mali i\u015flerin takibi ile iddialar\u0131n derinlemesine incelenmesi amac\u0131yla bir <strong>mali m\u00fc\u015favir vasi olarak g\u00f6revlendirildi.<\/strong> Hukuk\u00e7u ve mali m\u00fc\u015favirden olu\u015fan uzman heyetin ger\u00e7ekle\u015ftirece\u011fi inceleme ve tahkikatlar\u0131n ard\u0131ndan, ortaya \u00e7\u0131kacak bulgular \u0131\u015f\u0131\u011f\u0131nda durum mahkeme taraf\u0131ndan yeniden de\u011ferlendirilece\u011fi aktar\u0131ld\u0131.<\/p>\n<p>Kaynak: iscihaber.net<\/p>\n","protected":false},"excerpt":{"rendered":"<p>Hukuki s\u00fcre\u00e7, Abdullah Acar\u2019\u0131n \u00e7ocuklar\u0131n\u0131n Beykoz Cumhuriyet Ba\u015fsavc\u0131l\u0131\u011f\u0131\u2019na yapt\u0131\u011f\u0131 \u015fikayetle ba\u015flam\u0131\u015ft\u0131. \u00c7ocuklar\u0131, babalar\u0131n\u0131n kendisinden 32 ya\u015f k\u00fc\u00e7\u00fck olan asistan\u0131 Derya G\u00fcm\u00fc\u015f ile evlenmesine kar\u015f\u0131 \u00e7\u0131karak;\u00a0&#8220;Derya G\u00fcm\u00fc\u015f babam\u0131z\u0131 zorla ka\u00e7\u0131rarak mirastan pay almak ad\u0131na evlenmi\u015ftir. Babam\u0131z Alzheimer hastas\u0131d\u0131r&#8221; iddias\u0131nda bulunmu\u015ftu. Abdullah Acar ise ifadesinde bu iddialar\u0131 reddederek,\u00a0&#8220;Alzheimer hastas\u0131 de\u011filim. Birbirimizi sevdik, bir y\u0131l kadar \u00f6nce resmi &hellip;<\/p>\n","protected":false},"author":1,"featured_media":1467,"comment_status":"closed","ping_status":"closed","sticky":false,"template":"","format":"standard","meta":{"footnotes":""},"categories":[24],"tags":[],"class_list":["post-1466","post","type-post","status-publish","format-standard","has-post-thumbnail","hentry","category-gundem"],"yoast_head":"<!-- This site is optimized with the Yoast SEO plugin v27.4 - https:\/\/yoast.com\/product\/yoast-seo-wordpress\/ -->\n<title>Miras Kavgas\u0131nda 2. Raund - Ba\u015fakLife<\/title>\n<meta name=\"robots\" content=\"index, follow, max-snippet:-1, max-image-preview:large, max-video-preview:-1\" \/>\n<link rel=\"canonical\" href=\"http:\/\/www.basaklife.com\/index.php\/2026\/02\/25\/miras-kavgasinda-2-raund\/\" \/>\n<meta property=\"og:locale\" content=\"tr_TR\" \/>\n<meta property=\"og:type\" content=\"article\" \/>\n<meta property=\"og:title\" content=\"Miras Kavgas\u0131nda 2. Raund - Ba\u015fakLife\" \/>\n<meta property=\"og:description\" content=\"Hukuki s\u00fcre\u00e7, Abdullah Acar\u2019\u0131n \u00e7ocuklar\u0131n\u0131n Beykoz Cumhuriyet Ba\u015fsavc\u0131l\u0131\u011f\u0131\u2019na yapt\u0131\u011f\u0131 \u015fikayetle ba\u015flam\u0131\u015ft\u0131. \u00c7ocuklar\u0131, babalar\u0131n\u0131n kendisinden 32 ya\u015f k\u00fc\u00e7\u00fck olan asistan\u0131 Derya G\u00fcm\u00fc\u015f ile evlenmesine kar\u015f\u0131 \u00e7\u0131karak;\u00a0&#8220;Derya G\u00fcm\u00fc\u015f babam\u0131z\u0131 zorla ka\u00e7\u0131rarak mirastan pay almak ad\u0131na evlenmi\u015ftir. Babam\u0131z Alzheimer hastas\u0131d\u0131r&#8221; iddias\u0131nda bulunmu\u015ftu. Abdullah Acar ise ifadesinde bu iddialar\u0131 reddederek,\u00a0&#8220;Alzheimer hastas\u0131 de\u011filim. Birbirimizi sevdik, bir y\u0131l kadar \u00f6nce resmi &hellip;\" \/>\n<meta property=\"og:url\" content=\"http:\/\/www.basaklife.com\/index.php\/2026\/02\/25\/miras-kavgasinda-2-raund\/\" \/>\n<meta property=\"og:site_name\" content=\"Ba\u015fakLife\" \/>\n<meta property=\"article:published_time\" content=\"2026-02-25T15:03:16+00:00\" \/>\n<meta property=\"og:image\" content=\"http:\/\/www.basaklife.com\/wp-content\/uploads\/2026\/02\/miras-kavgasinda-2-raund.webp\" \/>\n\t<meta property=\"og:image:width\" content=\"1280\" \/>\n\t<meta property=\"og:image:height\" content=\"720\" \/>\n\t<meta property=\"og:image:type\" content=\"image\/webp\" \/>\n<meta name=\"author\" content=\"admin\" \/>\n<meta name=\"twitter:card\" content=\"summary_large_image\" \/>\n<meta name=\"twitter:label1\" content=\"Yazan:\" \/>\n\t<meta name=\"twitter:data1\" content=\"admin\" \/>\n\t<meta name=\"twitter:label2\" content=\"Tahmini okuma s\u00fcresi\" \/>\n\t<meta name=\"twitter:data2\" content=\"3 dakika\" \/>\n<script type=\"application\/ld+json\" class=\"yoast-schema-graph\">{\"@context\":\"https:\\\/\\\/schema.org\",\"@graph\":[{\"@type\":\"Article\",\"@id\":\"http:\\\/\\\/www.basaklife.com\\\/index.php\\\/2026\\\/02\\\/25\\\/miras-kavgasinda-2-raund\\\/#article\",\"isPartOf\":{\"@id\":\"http:\\\/\\\/www.basaklife.com\\\/index.php\\\/2026\\\/02\\\/25\\\/miras-kavgasinda-2-raund\\\/\"},\"author\":{\"name\":\"admin\",\"@id\":\"http:\\\/\\\/www.basaklife.com\\\/#\\\/schema\\\/person\\\/1437d699f9702c3c5a67bbe08d30981b\"},\"headline\":\"Miras Kavgas\u0131nda 2. Raund\",\"datePublished\":\"2026-02-25T15:03:16+00:00\",\"mainEntityOfPage\":{\"@id\":\"http:\\\/\\\/www.basaklife.com\\\/index.php\\\/2026\\\/02\\\/25\\\/miras-kavgasinda-2-raund\\\/\"},\"wordCount\":495,\"image\":{\"@id\":\"http:\\\/\\\/www.basaklife.com\\\/index.php\\\/2026\\\/02\\\/25\\\/miras-kavgasinda-2-raund\\\/#primaryimage\"},\"thumbnailUrl\":\"http:\\\/\\\/www.basaklife.com\\\/wp-content\\\/uploads\\\/2026\\\/02\\\/miras-kavgasinda-2-raund.webp\",\"articleSection\":[\"G\u00fcndem\"],\"inLanguage\":\"tr\"},{\"@type\":\"WebPage\",\"@id\":\"http:\\\/\\\/www.basaklife.com\\\/index.php\\\/2026\\\/02\\\/25\\\/miras-kavgasinda-2-raund\\\/\",\"url\":\"http:\\\/\\\/www.basaklife.com\\\/index.php\\\/2026\\\/02\\\/25\\\/miras-kavgasinda-2-raund\\\/\",\"name\":\"Miras Kavgas\u0131nda 2. Raund - Ba\u015fakLife\",\"isPartOf\":{\"@id\":\"http:\\\/\\\/www.basaklife.com\\\/#website\"},\"primaryImageOfPage\":{\"@id\":\"http:\\\/\\\/www.basaklife.com\\\/index.php\\\/2026\\\/02\\\/25\\\/miras-kavgasinda-2-raund\\\/#primaryimage\"},\"image\":{\"@id\":\"http:\\\/\\\/www.basaklife.com\\\/index.php\\\/2026\\\/02\\\/25\\\/miras-kavgasinda-2-raund\\\/#primaryimage\"},\"thumbnailUrl\":\"http:\\\/\\\/www.basaklife.com\\\/wp-content\\\/uploads\\\/2026\\\/02\\\/miras-kavgasinda-2-raund.webp\",\"datePublished\":\"2026-02-25T15:03:16+00:00\",\"author\":{\"@id\":\"http:\\\/\\\/www.basaklife.com\\\/#\\\/schema\\\/person\\\/1437d699f9702c3c5a67bbe08d30981b\"},\"breadcrumb\":{\"@id\":\"http:\\\/\\\/www.basaklife.com\\\/index.php\\\/2026\\\/02\\\/25\\\/miras-kavgasinda-2-raund\\\/#breadcrumb\"},\"inLanguage\":\"tr\",\"potentialAction\":[{\"@type\":\"ReadAction\",\"target\":[\"http:\\\/\\\/www.basaklife.com\\\/index.php\\\/2026\\\/02\\\/25\\\/miras-kavgasinda-2-raund\\\/\"]}]},{\"@type\":\"ImageObject\",\"inLanguage\":\"tr\",\"@id\":\"http:\\\/\\\/www.basaklife.com\\\/index.php\\\/2026\\\/02\\\/25\\\/miras-kavgasinda-2-raund\\\/#primaryimage\",\"url\":\"http:\\\/\\\/www.basaklife.com\\\/wp-content\\\/uploads\\\/2026\\\/02\\\/miras-kavgasinda-2-raund.webp\",\"contentUrl\":\"http:\\\/\\\/www.basaklife.com\\\/wp-content\\\/uploads\\\/2026\\\/02\\\/miras-kavgasinda-2-raund.webp\",\"width\":1280,\"height\":720},{\"@type\":\"BreadcrumbList\",\"@id\":\"http:\\\/\\\/www.basaklife.com\\\/index.php\\\/2026\\\/02\\\/25\\\/miras-kavgasinda-2-raund\\\/#breadcrumb\",\"itemListElement\":[{\"@type\":\"ListItem\",\"position\":1,\"name\":\"Home\",\"item\":\"http:\\\/\\\/www.basaklife.com\\\/\"},{\"@type\":\"ListItem\",\"position\":2,\"name\":\"Miras Kavgas\u0131nda 2. Raund\"}]},{\"@type\":\"WebSite\",\"@id\":\"http:\\\/\\\/www.basaklife.com\\\/#website\",\"url\":\"http:\\\/\\\/www.basaklife.com\\\/\",\"name\":\"Ba\u015fakLife\",\"description\":\"Ya\u015fama Dair Her\u015fey\",\"potentialAction\":[{\"@type\":\"SearchAction\",\"target\":{\"@type\":\"EntryPoint\",\"urlTemplate\":\"http:\\\/\\\/www.basaklife.com\\\/?s={search_term_string}\"},\"query-input\":{\"@type\":\"PropertyValueSpecification\",\"valueRequired\":true,\"valueName\":\"search_term_string\"}}],\"inLanguage\":\"tr\"},{\"@type\":\"Person\",\"@id\":\"http:\\\/\\\/www.basaklife.com\\\/#\\\/schema\\\/person\\\/1437d699f9702c3c5a67bbe08d30981b\",\"name\":\"admin\",\"image\":{\"@type\":\"ImageObject\",\"inLanguage\":\"tr\",\"@id\":\"https:\\\/\\\/secure.gravatar.com\\\/avatar\\\/6035d6d61944ecc74f2c9f3e1a283b4da0ece0a47ee82cd0b5eab2c03ddc1000?s=96&d=mm&r=g\",\"url\":\"https:\\\/\\\/secure.gravatar.com\\\/avatar\\\/6035d6d61944ecc74f2c9f3e1a283b4da0ece0a47ee82cd0b5eab2c03ddc1000?s=96&d=mm&r=g\",\"contentUrl\":\"https:\\\/\\\/secure.gravatar.com\\\/avatar\\\/6035d6d61944ecc74f2c9f3e1a283b4da0ece0a47ee82cd0b5eab2c03ddc1000?s=96&d=mm&r=g\",\"caption\":\"admin\"},\"sameAs\":[\"http:\\\/\\\/www.basaklife.com\"],\"url\":\"http:\\\/\\\/www.basaklife.com\\\/index.php\\\/author\\\/admin\\\/\"}]}<\/script>\n<!-- \/ Yoast SEO plugin. -->","yoast_head_json":{"title":"Miras Kavgas\u0131nda 2. Raund - Ba\u015fakLife","robots":{"index":"index","follow":"follow","max-snippet":"max-snippet:-1","max-image-preview":"max-image-preview:large","max-video-preview":"max-video-preview:-1"},"canonical":"http:\/\/www.basaklife.com\/index.php\/2026\/02\/25\/miras-kavgasinda-2-raund\/","og_locale":"tr_TR","og_type":"article","og_title":"Miras Kavgas\u0131nda 2. Raund - Ba\u015fakLife","og_description":"Hukuki s\u00fcre\u00e7, Abdullah Acar\u2019\u0131n \u00e7ocuklar\u0131n\u0131n Beykoz Cumhuriyet Ba\u015fsavc\u0131l\u0131\u011f\u0131\u2019na yapt\u0131\u011f\u0131 \u015fikayetle ba\u015flam\u0131\u015ft\u0131. \u00c7ocuklar\u0131, babalar\u0131n\u0131n kendisinden 32 ya\u015f k\u00fc\u00e7\u00fck olan asistan\u0131 Derya G\u00fcm\u00fc\u015f ile evlenmesine kar\u015f\u0131 \u00e7\u0131karak;\u00a0&#8220;Derya G\u00fcm\u00fc\u015f babam\u0131z\u0131 zorla ka\u00e7\u0131rarak mirastan pay almak ad\u0131na evlenmi\u015ftir. Babam\u0131z Alzheimer hastas\u0131d\u0131r&#8221; iddias\u0131nda bulunmu\u015ftu. Abdullah Acar ise ifadesinde bu iddialar\u0131 reddederek,\u00a0&#8220;Alzheimer hastas\u0131 de\u011filim. Birbirimizi sevdik, bir y\u0131l kadar \u00f6nce resmi &hellip;","og_url":"http:\/\/www.basaklife.com\/index.php\/2026\/02\/25\/miras-kavgasinda-2-raund\/","og_site_name":"Ba\u015fakLife","article_published_time":"2026-02-25T15:03:16+00:00","og_image":[{"width":1280,"height":720,"url":"http:\/\/www.basaklife.com\/wp-content\/uploads\/2026\/02\/miras-kavgasinda-2-raund.webp","type":"image\/webp"}],"author":"admin","twitter_card":"summary_large_image","twitter_misc":{"Yazan:":"admin","Tahmini okuma s\u00fcresi":"3 dakika"},"schema":{"@context":"https:\/\/schema.org","@graph":[{"@type":"Article","@id":"http:\/\/www.basaklife.com\/index.php\/2026\/02\/25\/miras-kavgasinda-2-raund\/#article","isPartOf":{"@id":"http:\/\/www.basaklife.com\/index.php\/2026\/02\/25\/miras-kavgasinda-2-raund\/"},"author":{"name":"admin","@id":"http:\/\/www.basaklife.com\/#\/schema\/person\/1437d699f9702c3c5a67bbe08d30981b"},"headline":"Miras Kavgas\u0131nda 2. Raund","datePublished":"2026-02-25T15:03:16+00:00","mainEntityOfPage":{"@id":"http:\/\/www.basaklife.com\/index.php\/2026\/02\/25\/miras-kavgasinda-2-raund\/"},"wordCount":495,"image":{"@id":"http:\/\/www.basaklife.com\/index.php\/2026\/02\/25\/miras-kavgasinda-2-raund\/#primaryimage"},"thumbnailUrl":"http:\/\/www.basaklife.com\/wp-content\/uploads\/2026\/02\/miras-kavgasinda-2-raund.webp","articleSection":["G\u00fcndem"],"inLanguage":"tr"},{"@type":"WebPage","@id":"http:\/\/www.basaklife.com\/index.php\/2026\/02\/25\/miras-kavgasinda-2-raund\/","url":"http:\/\/www.basaklife.com\/index.php\/2026\/02\/25\/miras-kavgasinda-2-raund\/","name":"Miras Kavgas\u0131nda 2. Raund - Ba\u015fakLife","isPartOf":{"@id":"http:\/\/www.basaklife.com\/#website"},"primaryImageOfPage":{"@id":"http:\/\/www.basaklife.com\/index.php\/2026\/02\/25\/miras-kavgasinda-2-raund\/#primaryimage"},"image":{"@id":"http:\/\/www.basaklife.com\/index.php\/2026\/02\/25\/miras-kavgasinda-2-raund\/#primaryimage"},"thumbnailUrl":"http:\/\/www.basaklife.com\/wp-content\/uploads\/2026\/02\/miras-kavgasinda-2-raund.webp","datePublished":"2026-02-25T15:03:16+00:00","author":{"@id":"http:\/\/www.basaklife.com\/#\/schema\/person\/1437d699f9702c3c5a67bbe08d30981b"},"breadcrumb":{"@id":"http:\/\/www.basaklife.com\/index.php\/2026\/02\/25\/miras-kavgasinda-2-raund\/#breadcrumb"},"inLanguage":"tr","potentialAction":[{"@type":"ReadAction","target":["http:\/\/www.basaklife.com\/index.php\/2026\/02\/25\/miras-kavgasinda-2-raund\/"]}]},{"@type":"ImageObject","inLanguage":"tr","@id":"http:\/\/www.basaklife.com\/index.php\/2026\/02\/25\/miras-kavgasinda-2-raund\/#primaryimage","url":"http:\/\/www.basaklife.com\/wp-content\/uploads\/2026\/02\/miras-kavgasinda-2-raund.webp","contentUrl":"http:\/\/www.basaklife.com\/wp-content\/uploads\/2026\/02\/miras-kavgasinda-2-raund.webp","width":1280,"height":720},{"@type":"BreadcrumbList","@id":"http:\/\/www.basaklife.com\/index.php\/2026\/02\/25\/miras-kavgasinda-2-raund\/#breadcrumb","itemListElement":[{"@type":"ListItem","position":1,"name":"Home","item":"http:\/\/www.basaklife.com\/"},{"@type":"ListItem","position":2,"name":"Miras Kavgas\u0131nda 2. Raund"}]},{"@type":"WebSite","@id":"http:\/\/www.basaklife.com\/#website","url":"http:\/\/www.basaklife.com\/","name":"Ba\u015fakLife","description":"Ya\u015fama Dair Her\u015fey","potentialAction":[{"@type":"SearchAction","target":{"@type":"EntryPoint","urlTemplate":"http:\/\/www.basaklife.com\/?s={search_term_string}"},"query-input":{"@type":"PropertyValueSpecification","valueRequired":true,"valueName":"search_term_string"}}],"inLanguage":"tr"},{"@type":"Person","@id":"http:\/\/www.basaklife.com\/#\/schema\/person\/1437d699f9702c3c5a67bbe08d30981b","name":"admin","image":{"@type":"ImageObject","inLanguage":"tr","@id":"https:\/\/secure.gravatar.com\/avatar\/6035d6d61944ecc74f2c9f3e1a283b4da0ece0a47ee82cd0b5eab2c03ddc1000?s=96&d=mm&r=g","url":"https:\/\/secure.gravatar.com\/avatar\/6035d6d61944ecc74f2c9f3e1a283b4da0ece0a47ee82cd0b5eab2c03ddc1000?s=96&d=mm&r=g","contentUrl":"https:\/\/secure.gravatar.com\/avatar\/6035d6d61944ecc74f2c9f3e1a283b4da0ece0a47ee82cd0b5eab2c03ddc1000?s=96&d=mm&r=g","caption":"admin"},"sameAs":["http:\/\/www.basaklife.com"],"url":"http:\/\/www.basaklife.com\/index.php\/author\/admin\/"}]}},"jetpack_featured_media_url":"http:\/\/www.basaklife.com\/wp-content\/uploads\/2026\/02\/miras-kavgasinda-2-raund.webp","amp_enabled":true,"_links":{"self":[{"href":"http:\/\/www.basaklife.com\/index.php\/wp-json\/wp\/v2\/posts\/1466","targetHints":{"allow":["GET"]}}],"collection":[{"href":"http:\/\/www.basaklife.com\/index.php\/wp-json\/wp\/v2\/posts"}],"about":[{"href":"http:\/\/www.basaklife.com\/index.php\/wp-json\/wp\/v2\/types\/post"}],"author":[{"embeddable":true,"href":"http:\/\/www.basaklife.com\/index.php\/wp-json\/wp\/v2\/users\/1"}],"replies":[{"embeddable":true,"href":"http:\/\/www.basaklife.com\/index.php\/wp-json\/wp\/v2\/comments?post=1466"}],"version-history":[{"count":1,"href":"http:\/\/www.basaklife.com\/index.php\/wp-json\/wp\/v2\/posts\/1466\/revisions"}],"predecessor-version":[{"id":1468,"href":"http:\/\/www.basaklife.com\/index.php\/wp-json\/wp\/v2\/posts\/1466\/revisions\/1468"}],"wp:featuredmedia":[{"embeddable":true,"href":"http:\/\/www.basaklife.com\/index.php\/wp-json\/wp\/v2\/media\/1467"}],"wp:attachment":[{"href":"http:\/\/www.basaklife.com\/index.php\/wp-json\/wp\/v2\/media?parent=1466"}],"wp:term":[{"taxonomy":"category","embeddable":true,"href":"http:\/\/www.basaklife.com\/index.php\/wp-json\/wp\/v2\/categories?post=1466"},{"taxonomy":"post_tag","embeddable":true,"href":"http:\/\/www.basaklife.com\/index.php\/wp-json\/wp\/v2\/tags?post=1466"}],"curies":[{"name":"wp","href":"https:\/\/api.w.org\/{rel}","templated":true}]}}