{"id":1472,"date":"2026-04-18T20:04:26","date_gmt":"2026-04-18T20:04:26","guid":{"rendered":"http:\/\/www.basaklife.com\/?p=1472"},"modified":"2026-04-18T20:04:36","modified_gmt":"2026-04-18T20:04:36","slug":"miras-kavgasinda-3-raund-abdullah-acar-davasinda-saibeli-vasi-karari","status":"publish","type":"post","link":"http:\/\/www.basaklife.com\/index.php\/2026\/04\/18\/miras-kavgasinda-3-raund-abdullah-acar-davasinda-saibeli-vasi-karari\/","title":{"rendered":"Miras kavgas\u0131nda 3. raund : Abdullah Acar davas\u0131nda \u015faibeli vasi karar\u0131"},"content":{"rendered":"<p dir=\"ltr\">\u00dcnl\u00fc i\u015f insan\u0131\u00a0<strong>Abdullah Acar<\/strong>\u2019\u0131n mal varl\u0131\u011f\u0131 ve vasili\u011fi \u00fczerine \u00e7ocuklar\u0131 ile e\u015fi aras\u0131nda devam eden hukuk sava\u015f\u0131, Beykoz Adliyesi\u2019nde verilen son kararla yeni bir boyut kazand\u0131. Acar\u2019\u0131n daha \u00f6nce savc\u0131l\u0131\u011fa sundu\u011fu \u015fikayet dilek\u00e7elerine ra\u011fmen al\u0131nan vasi karar\u0131, s\u00fcreci daha karma\u015f\u0131k bir hale getirdi.<\/p>\n<h2 dir=\"ltr\"><strong>\u0130\u015f insan\u0131ndan \u2018Tehdit ediliyorum\u2019 su\u00e7 duyurusu<\/strong><\/h2>\n<p dir=\"ltr\">Abdullah Acar, daha \u00f6nce savc\u0131l\u0131\u011fa sundu\u011fu su\u00e7 duyurusunda, \u00e7ocuklar\u0131n\u0131n kendisini tehdit etti\u011fini ve mal varl\u0131\u011f\u0131n\u0131 ele ge\u00e7irmeye \u00e7al\u0131\u015ft\u0131klar\u0131n\u0131 dile getirmi\u015fti. Acar, \u00e7ocuklar\u0131n\u0131n kendisine kesinlikle vasi olmas\u0131n\u0131 istemedi\u011fini a\u00e7\u0131k\u00e7a beyan etmesine ra\u011fmen,\u00a0<strong>Beykoz 4. Asliye Hukuk Mahkemesi<\/strong>\u2019nden bu beyanlarla \u00e7eli\u015fen bir karar \u00e7\u0131kt\u0131.<\/p>\n<h2 dir=\"ltr\"><strong>Beykoz Hakimi Behiye A. hakk\u0131nda \u015fok iddialar<\/strong><\/h2>\n<p dir=\"ltr\">Davaya bakan Hakim\u00a0<strong>Behiye A.<\/strong>&#8216;n\u0131n karar\u0131, adliye kulislerinde tart\u0131\u015fmalara neden oldu. \u0130ddiaya g\u00f6re, davan\u0131n ge\u00e7mi\u015fini ve aile i\u00e7indeki husumeti yak\u0131ndan bilmesine ra\u011fmen Behiye A., ba\u011f\u0131ms\u0131z vasi heyetini g\u00f6revden alarak \u00e7ocuklar\u0131n\u0131n vasi olmas\u0131 y\u00f6n\u00fcnde karar verdi. \u00d6te yandan, ilgili hakimin uzun s\u00fcredir g\u00f6rev yapt\u0131\u011f\u0131 adliyede personele\u00a0<strong>mobbing<\/strong> uygulad\u0131\u011f\u0131 ve bir <strong>adliye \u00e7al\u0131\u015fan\u0131n\u0131n k\u00f6t\u00fc muamele nedeniyle intihar giri\u015fiminde bulundu\u011fu <\/strong>iddialar\u0131 mahkeme dosyas\u0131n\u0131n g\u00f6lgesinde kald\u0131.<\/p>\n<h2 dir=\"ltr\"><strong>\u015eirketlerin gelece\u011fi ve mali vasi tart\u0131\u015fmas\u0131<\/strong><\/h2>\n<p dir=\"ltr\">Abdullah Acar\u2019\u0131n sahip oldu\u011fu \u00e7ok say\u0131da \u015firketin i\u015f s\u00fcre\u00e7lerinin y\u00f6netilmesi i\u00e7in daha \u00f6nce atanan\u00a0<strong>mali vasi<\/strong> karar\u0131, Hakim Behiye A. taraf\u0131ndan kald\u0131r\u0131ld\u0131. Ba\u011f\u0131ms\u0131z vasi heyetinin g\u00f6revine son verilmesinin ard\u0131ndan, \u015firketlerin i\u00e7lerinin bo\u015falt\u0131ld\u0131\u011f\u0131 y\u00f6n\u00fcndeki iddialar \u00fczerine ba\u015fka mahkemelerce yeniden mali vasi atand\u0131\u011f\u0131 \u00f6\u011frenildi. Ancak yap\u0131lan itirazlar neticesinde <strong>Behiye A.&#8217;n\u0131n, ba\u011f\u0131ms\u0131z heyet yerine yeniden \u00e7ocuklar\u0131 vasi tayin etmesi &#8220;\u015faibeli karar&#8221; yorumlar\u0131n\u0131 beraberinde getirdi<\/strong>.<\/p>\n<p dir=\"ltr\">Hukuk\u00e7ular ve mali m\u00fc\u015favirlerden olu\u015fan ba\u011f\u0131ms\u0131z vasi heyetinin pasifize edilmesiyle birlikte, Acar\u2019\u0131n ekonomik gelece\u011fine dair risklerin artt\u0131\u011f\u0131 \u00f6ne s\u00fcr\u00fcl\u00fcyor. Abdullah Acar\u2019\u0131n bizzat reddetti\u011fi isimlerin yarg\u0131 eliyle yeniden y\u00f6netim yetkisine getirilmesi, miras davas\u0131ndaki krizin derinle\u015fece\u011fine i\u015faret ediyor.<\/p>\n","protected":false},"excerpt":{"rendered":"<p>\u00dcnl\u00fc i\u015f insan\u0131\u00a0Abdullah Acar\u2019\u0131n mal varl\u0131\u011f\u0131 ve vasili\u011fi \u00fczerine \u00e7ocuklar\u0131 ile e\u015fi aras\u0131nda devam eden hukuk sava\u015f\u0131, Beykoz Adliyesi\u2019nde verilen son kararla yeni bir boyut kazand\u0131. Acar\u2019\u0131n daha \u00f6nce savc\u0131l\u0131\u011fa sundu\u011fu \u015fikayet dilek\u00e7elerine ra\u011fmen al\u0131nan vasi karar\u0131, s\u00fcreci daha karma\u015f\u0131k bir hale getirdi. \u0130\u015f insan\u0131ndan \u2018Tehdit ediliyorum\u2019 su\u00e7 duyurusu Abdullah Acar, daha \u00f6nce savc\u0131l\u0131\u011fa sundu\u011fu &hellip;<\/p>\n","protected":false},"author":1,"featured_media":1473,"comment_status":"closed","ping_status":"closed","sticky":false,"template":"","format":"standard","meta":{"footnotes":""},"categories":[24],"tags":[],"class_list":["post-1472","post","type-post","status-publish","format-standard","has-post-thumbnail","hentry","category-gundem"],"yoast_head":"<!-- This site is optimized with the Yoast SEO plugin v27.4 - https:\/\/yoast.com\/product\/yoast-seo-wordpress\/ -->\n<title>Miras kavgas\u0131nda 3. raund : Abdullah Acar davas\u0131nda \u015faibeli vasi karar\u0131 - Ba\u015fakLife<\/title>\n<meta name=\"robots\" content=\"index, follow, max-snippet:-1, max-image-preview:large, max-video-preview:-1\" \/>\n<link rel=\"canonical\" href=\"http:\/\/www.basaklife.com\/index.php\/2026\/04\/18\/miras-kavgasinda-3-raund-abdullah-acar-davasinda-saibeli-vasi-karari\/\" \/>\n<meta property=\"og:locale\" content=\"tr_TR\" \/>\n<meta property=\"og:type\" content=\"article\" \/>\n<meta property=\"og:title\" content=\"Miras kavgas\u0131nda 3. raund : Abdullah Acar davas\u0131nda \u015faibeli vasi karar\u0131 - Ba\u015fakLife\" \/>\n<meta property=\"og:description\" content=\"\u00dcnl\u00fc i\u015f insan\u0131\u00a0Abdullah Acar\u2019\u0131n mal varl\u0131\u011f\u0131 ve vasili\u011fi \u00fczerine \u00e7ocuklar\u0131 ile e\u015fi aras\u0131nda devam eden hukuk sava\u015f\u0131, Beykoz Adliyesi\u2019nde verilen son kararla yeni bir boyut kazand\u0131. Acar\u2019\u0131n daha \u00f6nce savc\u0131l\u0131\u011fa sundu\u011fu \u015fikayet dilek\u00e7elerine ra\u011fmen al\u0131nan vasi karar\u0131, s\u00fcreci daha karma\u015f\u0131k bir hale getirdi. \u0130\u015f insan\u0131ndan \u2018Tehdit ediliyorum\u2019 su\u00e7 duyurusu Abdullah Acar, daha \u00f6nce savc\u0131l\u0131\u011fa sundu\u011fu &hellip;\" \/>\n<meta property=\"og:url\" content=\"http:\/\/www.basaklife.com\/index.php\/2026\/04\/18\/miras-kavgasinda-3-raund-abdullah-acar-davasinda-saibeli-vasi-karari\/\" \/>\n<meta property=\"og:site_name\" content=\"Ba\u015fakLife\" \/>\n<meta property=\"article:published_time\" content=\"2026-04-18T20:04:26+00:00\" \/>\n<meta property=\"article:modified_time\" content=\"2026-04-18T20:04:36+00:00\" \/>\n<meta property=\"og:image\" content=\"http:\/\/www.basaklife.com\/wp-content\/uploads\/2026\/04\/EYBH-miras-kavgasinda-3-raund-abdullah-acar-davasinda-saibeli-vasi-karari.webp\" \/>\n\t<meta property=\"og:image:width\" content=\"1280\" \/>\n\t<meta property=\"og:image:height\" content=\"720\" \/>\n\t<meta property=\"og:image:type\" content=\"image\/webp\" \/>\n<meta name=\"author\" content=\"admin\" \/>\n<meta name=\"twitter:card\" content=\"summary_large_image\" \/>\n<meta name=\"twitter:label1\" content=\"Yazan:\" \/>\n\t<meta name=\"twitter:data1\" content=\"admin\" \/>\n\t<meta name=\"twitter:label2\" content=\"Tahmini okuma s\u00fcresi\" \/>\n\t<meta name=\"twitter:data2\" content=\"2 dakika\" \/>\n<script type=\"application\/ld+json\" class=\"yoast-schema-graph\">{\"@context\":\"https:\\\/\\\/schema.org\",\"@graph\":[{\"@type\":\"Article\",\"@id\":\"http:\\\/\\\/www.basaklife.com\\\/index.php\\\/2026\\\/04\\\/18\\\/miras-kavgasinda-3-raund-abdullah-acar-davasinda-saibeli-vasi-karari\\\/#article\",\"isPartOf\":{\"@id\":\"http:\\\/\\\/www.basaklife.com\\\/index.php\\\/2026\\\/04\\\/18\\\/miras-kavgasinda-3-raund-abdullah-acar-davasinda-saibeli-vasi-karari\\\/\"},\"author\":{\"name\":\"admin\",\"@id\":\"http:\\\/\\\/www.basaklife.com\\\/#\\\/schema\\\/person\\\/1437d699f9702c3c5a67bbe08d30981b\"},\"headline\":\"Miras kavgas\u0131nda 3. raund : Abdullah Acar davas\u0131nda \u015faibeli vasi karar\u0131\",\"datePublished\":\"2026-04-18T20:04:26+00:00\",\"dateModified\":\"2026-04-18T20:04:36+00:00\",\"mainEntityOfPage\":{\"@id\":\"http:\\\/\\\/www.basaklife.com\\\/index.php\\\/2026\\\/04\\\/18\\\/miras-kavgasinda-3-raund-abdullah-acar-davasinda-saibeli-vasi-karari\\\/\"},\"wordCount\":383,\"image\":{\"@id\":\"http:\\\/\\\/www.basaklife.com\\\/index.php\\\/2026\\\/04\\\/18\\\/miras-kavgasinda-3-raund-abdullah-acar-davasinda-saibeli-vasi-karari\\\/#primaryimage\"},\"thumbnailUrl\":\"http:\\\/\\\/www.basaklife.com\\\/wp-content\\\/uploads\\\/2026\\\/04\\\/EYBH-miras-kavgasinda-3-raund-abdullah-acar-davasinda-saibeli-vasi-karari.webp\",\"articleSection\":[\"G\u00fcndem\"],\"inLanguage\":\"tr\"},{\"@type\":\"WebPage\",\"@id\":\"http:\\\/\\\/www.basaklife.com\\\/index.php\\\/2026\\\/04\\\/18\\\/miras-kavgasinda-3-raund-abdullah-acar-davasinda-saibeli-vasi-karari\\\/\",\"url\":\"http:\\\/\\\/www.basaklife.com\\\/index.php\\\/2026\\\/04\\\/18\\\/miras-kavgasinda-3-raund-abdullah-acar-davasinda-saibeli-vasi-karari\\\/\",\"name\":\"Miras kavgas\u0131nda 3. raund : Abdullah Acar davas\u0131nda \u015faibeli vasi karar\u0131 - Ba\u015fakLife\",\"isPartOf\":{\"@id\":\"http:\\\/\\\/www.basaklife.com\\\/#website\"},\"primaryImageOfPage\":{\"@id\":\"http:\\\/\\\/www.basaklife.com\\\/index.php\\\/2026\\\/04\\\/18\\\/miras-kavgasinda-3-raund-abdullah-acar-davasinda-saibeli-vasi-karari\\\/#primaryimage\"},\"image\":{\"@id\":\"http:\\\/\\\/www.basaklife.com\\\/index.php\\\/2026\\\/04\\\/18\\\/miras-kavgasinda-3-raund-abdullah-acar-davasinda-saibeli-vasi-karari\\\/#primaryimage\"},\"thumbnailUrl\":\"http:\\\/\\\/www.basaklife.com\\\/wp-content\\\/uploads\\\/2026\\\/04\\\/EYBH-miras-kavgasinda-3-raund-abdullah-acar-davasinda-saibeli-vasi-karari.webp\",\"datePublished\":\"2026-04-18T20:04:26+00:00\",\"dateModified\":\"2026-04-18T20:04:36+00:00\",\"author\":{\"@id\":\"http:\\\/\\\/www.basaklife.com\\\/#\\\/schema\\\/person\\\/1437d699f9702c3c5a67bbe08d30981b\"},\"breadcrumb\":{\"@id\":\"http:\\\/\\\/www.basaklife.com\\\/index.php\\\/2026\\\/04\\\/18\\\/miras-kavgasinda-3-raund-abdullah-acar-davasinda-saibeli-vasi-karari\\\/#breadcrumb\"},\"inLanguage\":\"tr\",\"potentialAction\":[{\"@type\":\"ReadAction\",\"target\":[\"http:\\\/\\\/www.basaklife.com\\\/index.php\\\/2026\\\/04\\\/18\\\/miras-kavgasinda-3-raund-abdullah-acar-davasinda-saibeli-vasi-karari\\\/\"]}]},{\"@type\":\"ImageObject\",\"inLanguage\":\"tr\",\"@id\":\"http:\\\/\\\/www.basaklife.com\\\/index.php\\\/2026\\\/04\\\/18\\\/miras-kavgasinda-3-raund-abdullah-acar-davasinda-saibeli-vasi-karari\\\/#primaryimage\",\"url\":\"http:\\\/\\\/www.basaklife.com\\\/wp-content\\\/uploads\\\/2026\\\/04\\\/EYBH-miras-kavgasinda-3-raund-abdullah-acar-davasinda-saibeli-vasi-karari.webp\",\"contentUrl\":\"http:\\\/\\\/www.basaklife.com\\\/wp-content\\\/uploads\\\/2026\\\/04\\\/EYBH-miras-kavgasinda-3-raund-abdullah-acar-davasinda-saibeli-vasi-karari.webp\",\"width\":1280,\"height\":720},{\"@type\":\"BreadcrumbList\",\"@id\":\"http:\\\/\\\/www.basaklife.com\\\/index.php\\\/2026\\\/04\\\/18\\\/miras-kavgasinda-3-raund-abdullah-acar-davasinda-saibeli-vasi-karari\\\/#breadcrumb\",\"itemListElement\":[{\"@type\":\"ListItem\",\"position\":1,\"name\":\"Home\",\"item\":\"http:\\\/\\\/www.basaklife.com\\\/\"},{\"@type\":\"ListItem\",\"position\":2,\"name\":\"Miras kavgas\u0131nda 3. raund : Abdullah Acar davas\u0131nda \u015faibeli vasi karar\u0131\"}]},{\"@type\":\"WebSite\",\"@id\":\"http:\\\/\\\/www.basaklife.com\\\/#website\",\"url\":\"http:\\\/\\\/www.basaklife.com\\\/\",\"name\":\"Ba\u015fakLife\",\"description\":\"Ya\u015fama Dair Her\u015fey\",\"potentialAction\":[{\"@type\":\"SearchAction\",\"target\":{\"@type\":\"EntryPoint\",\"urlTemplate\":\"http:\\\/\\\/www.basaklife.com\\\/?s={search_term_string}\"},\"query-input\":{\"@type\":\"PropertyValueSpecification\",\"valueRequired\":true,\"valueName\":\"search_term_string\"}}],\"inLanguage\":\"tr\"},{\"@type\":\"Person\",\"@id\":\"http:\\\/\\\/www.basaklife.com\\\/#\\\/schema\\\/person\\\/1437d699f9702c3c5a67bbe08d30981b\",\"name\":\"admin\",\"image\":{\"@type\":\"ImageObject\",\"inLanguage\":\"tr\",\"@id\":\"https:\\\/\\\/secure.gravatar.com\\\/avatar\\\/6035d6d61944ecc74f2c9f3e1a283b4da0ece0a47ee82cd0b5eab2c03ddc1000?s=96&d=mm&r=g\",\"url\":\"https:\\\/\\\/secure.gravatar.com\\\/avatar\\\/6035d6d61944ecc74f2c9f3e1a283b4da0ece0a47ee82cd0b5eab2c03ddc1000?s=96&d=mm&r=g\",\"contentUrl\":\"https:\\\/\\\/secure.gravatar.com\\\/avatar\\\/6035d6d61944ecc74f2c9f3e1a283b4da0ece0a47ee82cd0b5eab2c03ddc1000?s=96&d=mm&r=g\",\"caption\":\"admin\"},\"sameAs\":[\"http:\\\/\\\/www.basaklife.com\"],\"url\":\"http:\\\/\\\/www.basaklife.com\\\/index.php\\\/author\\\/admin\\\/\"}]}<\/script>\n<!-- \/ Yoast SEO plugin. -->","yoast_head_json":{"title":"Miras kavgas\u0131nda 3. raund : Abdullah Acar davas\u0131nda \u015faibeli vasi karar\u0131 - Ba\u015fakLife","robots":{"index":"index","follow":"follow","max-snippet":"max-snippet:-1","max-image-preview":"max-image-preview:large","max-video-preview":"max-video-preview:-1"},"canonical":"http:\/\/www.basaklife.com\/index.php\/2026\/04\/18\/miras-kavgasinda-3-raund-abdullah-acar-davasinda-saibeli-vasi-karari\/","og_locale":"tr_TR","og_type":"article","og_title":"Miras kavgas\u0131nda 3. raund : Abdullah Acar davas\u0131nda \u015faibeli vasi karar\u0131 - Ba\u015fakLife","og_description":"\u00dcnl\u00fc i\u015f insan\u0131\u00a0Abdullah Acar\u2019\u0131n mal varl\u0131\u011f\u0131 ve vasili\u011fi \u00fczerine \u00e7ocuklar\u0131 ile e\u015fi aras\u0131nda devam eden hukuk sava\u015f\u0131, Beykoz Adliyesi\u2019nde verilen son kararla yeni bir boyut kazand\u0131. Acar\u2019\u0131n daha \u00f6nce savc\u0131l\u0131\u011fa sundu\u011fu \u015fikayet dilek\u00e7elerine ra\u011fmen al\u0131nan vasi karar\u0131, s\u00fcreci daha karma\u015f\u0131k bir hale getirdi. \u0130\u015f insan\u0131ndan \u2018Tehdit ediliyorum\u2019 su\u00e7 duyurusu Abdullah Acar, daha \u00f6nce savc\u0131l\u0131\u011fa sundu\u011fu &hellip;","og_url":"http:\/\/www.basaklife.com\/index.php\/2026\/04\/18\/miras-kavgasinda-3-raund-abdullah-acar-davasinda-saibeli-vasi-karari\/","og_site_name":"Ba\u015fakLife","article_published_time":"2026-04-18T20:04:26+00:00","article_modified_time":"2026-04-18T20:04:36+00:00","og_image":[{"width":1280,"height":720,"url":"http:\/\/www.basaklife.com\/wp-content\/uploads\/2026\/04\/EYBH-miras-kavgasinda-3-raund-abdullah-acar-davasinda-saibeli-vasi-karari.webp","type":"image\/webp"}],"author":"admin","twitter_card":"summary_large_image","twitter_misc":{"Yazan:":"admin","Tahmini okuma s\u00fcresi":"2 dakika"},"schema":{"@context":"https:\/\/schema.org","@graph":[{"@type":"Article","@id":"http:\/\/www.basaklife.com\/index.php\/2026\/04\/18\/miras-kavgasinda-3-raund-abdullah-acar-davasinda-saibeli-vasi-karari\/#article","isPartOf":{"@id":"http:\/\/www.basaklife.com\/index.php\/2026\/04\/18\/miras-kavgasinda-3-raund-abdullah-acar-davasinda-saibeli-vasi-karari\/"},"author":{"name":"admin","@id":"http:\/\/www.basaklife.com\/#\/schema\/person\/1437d699f9702c3c5a67bbe08d30981b"},"headline":"Miras kavgas\u0131nda 3. raund : Abdullah Acar davas\u0131nda \u015faibeli vasi karar\u0131","datePublished":"2026-04-18T20:04:26+00:00","dateModified":"2026-04-18T20:04:36+00:00","mainEntityOfPage":{"@id":"http:\/\/www.basaklife.com\/index.php\/2026\/04\/18\/miras-kavgasinda-3-raund-abdullah-acar-davasinda-saibeli-vasi-karari\/"},"wordCount":383,"image":{"@id":"http:\/\/www.basaklife.com\/index.php\/2026\/04\/18\/miras-kavgasinda-3-raund-abdullah-acar-davasinda-saibeli-vasi-karari\/#primaryimage"},"thumbnailUrl":"http:\/\/www.basaklife.com\/wp-content\/uploads\/2026\/04\/EYBH-miras-kavgasinda-3-raund-abdullah-acar-davasinda-saibeli-vasi-karari.webp","articleSection":["G\u00fcndem"],"inLanguage":"tr"},{"@type":"WebPage","@id":"http:\/\/www.basaklife.com\/index.php\/2026\/04\/18\/miras-kavgasinda-3-raund-abdullah-acar-davasinda-saibeli-vasi-karari\/","url":"http:\/\/www.basaklife.com\/index.php\/2026\/04\/18\/miras-kavgasinda-3-raund-abdullah-acar-davasinda-saibeli-vasi-karari\/","name":"Miras kavgas\u0131nda 3. raund : Abdullah Acar davas\u0131nda \u015faibeli vasi karar\u0131 - Ba\u015fakLife","isPartOf":{"@id":"http:\/\/www.basaklife.com\/#website"},"primaryImageOfPage":{"@id":"http:\/\/www.basaklife.com\/index.php\/2026\/04\/18\/miras-kavgasinda-3-raund-abdullah-acar-davasinda-saibeli-vasi-karari\/#primaryimage"},"image":{"@id":"http:\/\/www.basaklife.com\/index.php\/2026\/04\/18\/miras-kavgasinda-3-raund-abdullah-acar-davasinda-saibeli-vasi-karari\/#primaryimage"},"thumbnailUrl":"http:\/\/www.basaklife.com\/wp-content\/uploads\/2026\/04\/EYBH-miras-kavgasinda-3-raund-abdullah-acar-davasinda-saibeli-vasi-karari.webp","datePublished":"2026-04-18T20:04:26+00:00","dateModified":"2026-04-18T20:04:36+00:00","author":{"@id":"http:\/\/www.basaklife.com\/#\/schema\/person\/1437d699f9702c3c5a67bbe08d30981b"},"breadcrumb":{"@id":"http:\/\/www.basaklife.com\/index.php\/2026\/04\/18\/miras-kavgasinda-3-raund-abdullah-acar-davasinda-saibeli-vasi-karari\/#breadcrumb"},"inLanguage":"tr","potentialAction":[{"@type":"ReadAction","target":["http:\/\/www.basaklife.com\/index.php\/2026\/04\/18\/miras-kavgasinda-3-raund-abdullah-acar-davasinda-saibeli-vasi-karari\/"]}]},{"@type":"ImageObject","inLanguage":"tr","@id":"http:\/\/www.basaklife.com\/index.php\/2026\/04\/18\/miras-kavgasinda-3-raund-abdullah-acar-davasinda-saibeli-vasi-karari\/#primaryimage","url":"http:\/\/www.basaklife.com\/wp-content\/uploads\/2026\/04\/EYBH-miras-kavgasinda-3-raund-abdullah-acar-davasinda-saibeli-vasi-karari.webp","contentUrl":"http:\/\/www.basaklife.com\/wp-content\/uploads\/2026\/04\/EYBH-miras-kavgasinda-3-raund-abdullah-acar-davasinda-saibeli-vasi-karari.webp","width":1280,"height":720},{"@type":"BreadcrumbList","@id":"http:\/\/www.basaklife.com\/index.php\/2026\/04\/18\/miras-kavgasinda-3-raund-abdullah-acar-davasinda-saibeli-vasi-karari\/#breadcrumb","itemListElement":[{"@type":"ListItem","position":1,"name":"Home","item":"http:\/\/www.basaklife.com\/"},{"@type":"ListItem","position":2,"name":"Miras kavgas\u0131nda 3. raund : Abdullah Acar davas\u0131nda \u015faibeli vasi karar\u0131"}]},{"@type":"WebSite","@id":"http:\/\/www.basaklife.com\/#website","url":"http:\/\/www.basaklife.com\/","name":"Ba\u015fakLife","description":"Ya\u015fama Dair Her\u015fey","potentialAction":[{"@type":"SearchAction","target":{"@type":"EntryPoint","urlTemplate":"http:\/\/www.basaklife.com\/?s={search_term_string}"},"query-input":{"@type":"PropertyValueSpecification","valueRequired":true,"valueName":"search_term_string"}}],"inLanguage":"tr"},{"@type":"Person","@id":"http:\/\/www.basaklife.com\/#\/schema\/person\/1437d699f9702c3c5a67bbe08d30981b","name":"admin","image":{"@type":"ImageObject","inLanguage":"tr","@id":"https:\/\/secure.gravatar.com\/avatar\/6035d6d61944ecc74f2c9f3e1a283b4da0ece0a47ee82cd0b5eab2c03ddc1000?s=96&d=mm&r=g","url":"https:\/\/secure.gravatar.com\/avatar\/6035d6d61944ecc74f2c9f3e1a283b4da0ece0a47ee82cd0b5eab2c03ddc1000?s=96&d=mm&r=g","contentUrl":"https:\/\/secure.gravatar.com\/avatar\/6035d6d61944ecc74f2c9f3e1a283b4da0ece0a47ee82cd0b5eab2c03ddc1000?s=96&d=mm&r=g","caption":"admin"},"sameAs":["http:\/\/www.basaklife.com"],"url":"http:\/\/www.basaklife.com\/index.php\/author\/admin\/"}]}},"jetpack_featured_media_url":"http:\/\/www.basaklife.com\/wp-content\/uploads\/2026\/04\/EYBH-miras-kavgasinda-3-raund-abdullah-acar-davasinda-saibeli-vasi-karari.webp","amp_enabled":true,"_links":{"self":[{"href":"http:\/\/www.basaklife.com\/index.php\/wp-json\/wp\/v2\/posts\/1472","targetHints":{"allow":["GET"]}}],"collection":[{"href":"http:\/\/www.basaklife.com\/index.php\/wp-json\/wp\/v2\/posts"}],"about":[{"href":"http:\/\/www.basaklife.com\/index.php\/wp-json\/wp\/v2\/types\/post"}],"author":[{"embeddable":true,"href":"http:\/\/www.basaklife.com\/index.php\/wp-json\/wp\/v2\/users\/1"}],"replies":[{"embeddable":true,"href":"http:\/\/www.basaklife.com\/index.php\/wp-json\/wp\/v2\/comments?post=1472"}],"version-history":[{"count":2,"href":"http:\/\/www.basaklife.com\/index.php\/wp-json\/wp\/v2\/posts\/1472\/revisions"}],"predecessor-version":[{"id":1475,"href":"http:\/\/www.basaklife.com\/index.php\/wp-json\/wp\/v2\/posts\/1472\/revisions\/1475"}],"wp:featuredmedia":[{"embeddable":true,"href":"http:\/\/www.basaklife.com\/index.php\/wp-json\/wp\/v2\/media\/1473"}],"wp:attachment":[{"href":"http:\/\/www.basaklife.com\/index.php\/wp-json\/wp\/v2\/media?parent=1472"}],"wp:term":[{"taxonomy":"category","embeddable":true,"href":"http:\/\/www.basaklife.com\/index.php\/wp-json\/wp\/v2\/categories?post=1472"},{"taxonomy":"post_tag","embeddable":true,"href":"http:\/\/www.basaklife.com\/index.php\/wp-json\/wp\/v2\/tags?post=1472"}],"curies":[{"name":"wp","href":"https:\/\/api.w.org\/{rel}","templated":true}]}}